{"id":124418,"date":"2019-10-08T09:36:36","date_gmt":"2019-10-08T12:36:36","guid":{"rendered":"http:\/\/www.caririemacao.com\/1\/?p=124418"},"modified":"2019-10-08T09:36:36","modified_gmt":"2019-10-08T12:36:36","slug":"governador-estabelece-reserva-de-vagas-no-minha-casa-minha-vida-para-idosos-e-pessoas-com-deficiencia","status":"publish","type":"post","link":"https:\/\/www.caririemacao.com\/1\/2019\/10\/08\/governador-estabelece-reserva-de-vagas-no-minha-casa-minha-vida-para-idosos-e-pessoas-com-deficiencia\/","title":{"rendered":"Governador estabelece reserva de vagas no Minha Casa Minha Vida para idosos e pessoas com defici\u00eancia"},"content":{"rendered":"\n<p>O governador Jo\u00e3o Azev\u00eado editou um decreto estabelecendo alguns crit\u00e9rios para selecionar os benefici\u00e1rios do Programa Minha Casa Minha Vida em munic\u00edpios com mais de 50 mil habitantes ou que estejam nas regi\u00f5es metropolitanas. O decreto foi publicado na edi\u00e7\u00e3o desta ter\u00e7a-feira (08) do Di\u00e1rio Oficial do Estado.<\/p>\n\n\n\n<p>De acordo com o texto do decreto, estes crit\u00e9rios passam a valer a partir da data de sua publica\u00e7\u00e3o para todo o estado da Para\u00edba.<\/p>\n\n\n\n<p>Ficou estabelecida a reserva de 3% das unidades habitacionais de cada empreendimento para pessoas idosas como titulares do benef\u00edcio. Al\u00e9m disso, outros 3% das unidades habitacionais dever\u00e3o ser destinados a pessoas com defici\u00eancia ou de suas fam\u00edlias.<\/p>\n\n\n\n<p>O governador estabeleceu ainda que o tempo de inscri\u00e7\u00e3o nos programas habitacionais ser\u00e1 utilizado como mecanismo de desempate para escolha dos benefici\u00e1rios.<\/p>\n\n\n\n<figure class=\"wp-block-image\"><img decoding=\"async\" data-src=\"https:\/\/www.clickpb.com.br\/media\/filer_public\/3d\/58\/3d58f7d2-1990-4436-9e52-4fa75a155f21\/decreto_-_joao_azevedo_-_minha_casa_minha_vida.png\" alt=\"\" src=\"data:image\/svg+xml;base64,PHN2ZyB3aWR0aD0iMSIgaGVpZ2h0PSIxIiB4bWxucz0iaHR0cDovL3d3dy53My5vcmcvMjAwMC9zdmciPjwvc3ZnPg==\" class=\"lazyload\" \/><\/figure>\n","protected":false},"excerpt":{"rendered":"<p>O governador Jo\u00e3o Azev\u00eado editou um decreto estabelecendo alguns crit\u00e9rios para selecionar os benefici\u00e1rios do Programa Minha Casa Minha Vida em munic\u00edpios com mais de&hellip; <\/p>\n","protected":false},"author":1,"featured_media":124419,"comment_status":"closed","ping_status":"closed","sticky":false,"template":"","format":"standard","meta":{"sfsi_plus_gutenberg_text_before_share":"","sfsi_plus_gutenberg_show_text_before_share":"","sfsi_plus_gutenberg_icon_type":"","sfsi_plus_gutenberg_icon_alignemt":"","sfsi_plus_gutenburg_max_per_row":"","footnotes":""},"categories":[2],"tags":[],"class_list":["post-124418","post","type-post","status-publish","format-standard","has-post-thumbnail","hentry","category-geral"],"_links":{"self":[{"href":"https:\/\/www.caririemacao.com\/1\/wp-json\/wp\/v2\/posts\/124418","targetHints":{"allow":["GET"]}}],"collection":[{"href":"https:\/\/www.caririemacao.com\/1\/wp-json\/wp\/v2\/posts"}],"about":[{"href":"https:\/\/www.caririemacao.com\/1\/wp-json\/wp\/v2\/types\/post"}],"author":[{"embeddable":true,"href":"https:\/\/www.caririemacao.com\/1\/wp-json\/wp\/v2\/users\/1"}],"replies":[{"embeddable":true,"href":"https:\/\/www.caririemacao.com\/1\/wp-json\/wp\/v2\/comments?post=124418"}],"version-history":[{"count":1,"href":"https:\/\/www.caririemacao.com\/1\/wp-json\/wp\/v2\/posts\/124418\/revisions"}],"predecessor-version":[{"id":124420,"href":"https:\/\/www.caririemacao.com\/1\/wp-json\/wp\/v2\/posts\/124418\/revisions\/124420"}],"wp:featuredmedia":[{"embeddable":true,"href":"https:\/\/www.caririemacao.com\/1\/wp-json\/wp\/v2\/media\/124419"}],"wp:attachment":[{"href":"https:\/\/www.caririemacao.com\/1\/wp-json\/wp\/v2\/media?parent=124418"}],"wp:term":[{"taxonomy":"category","embeddable":true,"href":"https:\/\/www.caririemacao.com\/1\/wp-json\/wp\/v2\/categories?post=124418"},{"taxonomy":"post_tag","embeddable":true,"href":"https:\/\/www.caririemacao.com\/1\/wp-json\/wp\/v2\/tags?post=124418"}],"curies":[{"name":"wp","href":"https:\/\/api.w.org\/{rel}","templated":true}]}}