{"id":124429,"date":"2019-10-08T09:40:05","date_gmt":"2019-10-08T12:40:05","guid":{"rendered":"http:\/\/www.caririemacao.com\/1\/?p=124429"},"modified":"2019-10-08T09:40:05","modified_gmt":"2019-10-08T12:40:05","slug":"inspirado-em-programa-de-lula-candidato-kirchnerista-lanca-argentina-sem-fome","status":"publish","type":"post","link":"https:\/\/www.caririemacao.com\/1\/2019\/10\/08\/inspirado-em-programa-de-lula-candidato-kirchnerista-lanca-argentina-sem-fome\/","title":{"rendered":"Inspirado em programa de Lula, candidato kirchnerista lan\u00e7a Argentina Sem Fome"},"content":{"rendered":"\n<p>&nbsp;O candidato peronista Alberto Fern\u00e1ndez, 60, favorito na corrida eleitoral argentina, lan\u00e7ou na manh\u00e3 desta segunda-feira (7) o plano Argentina Sem Fome, inspirado no brasileiro Fome Zero, do ex-presidente brasileiro Luiz In\u00e1cio Lula da Silva.<br><\/p>\n\n\n\n<p>&#8220;Vivemos num pa\u00eds que diz ter potencial para alimentar 400 milh\u00f5es de pessoas, mas que n\u00e3o pode resolver a fome de 15 milh\u00f5es de pessoas pobres&#8221;, disse Fern\u00e1ndez durante o lan\u00e7amento do programa, na sede da Faculdade de Agronomia e Veterin\u00e1ria da Universidade de Buenos Aires.<\/p>\n\n\n\n<p>Ele se referiu aos novos n\u00fameros apresentados na semana passada pelo Observat\u00f3rio de D\u00edvida Social da UCA (Universidade Cat\u00f3lica). Os dados, considerados os mais confi\u00e1veis do tipo no pa\u00eds, mostraram que 35,4% dos argentinos vivem na pobreza, sendo que 7,7% s\u00e3o indigentes.&nbsp;<\/p>\n\n\n\n<p>Fern\u00e1ndez \u00e9 um admirador do ex-presidente brasileiro e vive repetindo o bord\u00e3o &#8220;Lula Livre&#8221; e j\u00e1 o visitou na pris\u00e3o, em Curitiba.<\/p>\n\n\n\n<p>Durante a gest\u00e3o de Cristina Kirchner (2007-2015), atual candidata a vice na chapa de Fern\u00e1ndez, j\u00e1 tinha sido criada a Atribui\u00e7\u00e3o Universal por Filho, baseada no Bolsa Fam\u00edlia brasileiro.<\/p>\n\n\n\n<p>Durante a atual gest\u00e3o de Mauricio Macri o governo cortou parte importante do gasto social em planos assistencialistas para contemplar os compromissos com o FMI (Fundo Monet\u00e1rio Internacional).&nbsp;<\/p>\n\n\n\n<p>O programa Argentina Sem Fome entrar\u00e1 em vigor, caso Fern\u00e1ndez seja eleito, j\u00e1 no dia 11 de dezembro (a posse \u00e9 no dia 10), e ser\u00e1 a prioridade de seu governo, segundo afirmou o candidato nesta manh\u00e3.<\/p>\n\n\n\n<p>O programa contar\u00e1 com a distribui\u00e7\u00e3o de um Cart\u00e3o de Alimenta\u00e7\u00e3o para a popula\u00e7\u00e3o de baixa renda, com o qual ser\u00e1 poss\u00edvel comprar alimentos subsidiados pelo governo ou com descontos em redes de supermercados privadas.&nbsp;<\/p>\n\n\n\n<p>Tamb\u00e9m haver\u00e1 uma regulamenta\u00e7\u00e3o dos pre\u00e7os dos alimentos que comp\u00f5em a cesta b\u00e1sica e a amplia\u00e7\u00e3o do Pre\u00e7os Cuidados, que congela o pre\u00e7o de v\u00e1rios itens. Hoje, o programa existe, mas \u00e9 dif\u00edcil de encontrar os produtos \u2013em geral ficam numa estante ao fundo dos grandes supermercados\u2013 e nem todos os estabelecimentos seguem as regras.<\/p>\n\n\n\n<p>Para custear o programa, o candidato peronista disse que sua equipe j\u00e1 negocia com produtores e redes de supermercados. A ideia \u00e9 criar um conselho que aporte recursos e com a participa\u00e7\u00e3o de v\u00e1rios setores da sociedade, al\u00e9m do governo, como igrejas, universidades, c\u00e2maras empresariais e sindicatos.<\/p>\n\n\n\n<p>Fern\u00e1ndez disse que propor\u00e1 ao Legislativo a chamada Lei das Prateleiras, que estabelecer\u00e1 cotas de espa\u00e7o nos supermercados, para estimular a competi\u00e7\u00e3o, evitar monop\u00f3lios de grandes marcas e fazer com que quem cobre menos seja premiado.<\/p>\n\n\n\n<p>Cristina Kirchner criou um programa semelhante durante seu governo, que se estendia para v\u00e1rias \u00e1reas (incluindo transporte e eletricidade) e que era mantido com subs\u00eddios estatais. A situa\u00e7\u00e3o econ\u00f4mica do pa\u00eds, por\u00e9m, era outra, com crescimento econ\u00f4mico e boa entrada de d\u00f3lares por conta do &#8220;boom&#8221; das commodities.<\/p>\n\n\n\n<p>O pa\u00eds que Fern\u00e1ndez herdar\u00e1, se vencer a elei\u00e7\u00e3o, enfrenta uma recess\u00e3o e tem perspectiva de encolhimento do PIB em 2020 de 1,5%. Portanto, a alternativa escolhida \u00e9 a de pedir recursos para a iniciativa privada.<\/p>\n\n\n\n<p>Fern\u00e1ndez tamb\u00e9m escolher\u00e1 celebridades para &#8220;apadrinhar&#8221; e propagandear o plano, como o popular apresentador de TV Marcelo Tinelli e o neurocientista autor de best-sellers argentino, Facundo Manes.<\/p>\n\n\n\n<p>No \u00faltimo fim de semana, duas pesquisas mostraram que Fern\u00e1ndez pode ganhar a elei\u00e7\u00e3o j\u00e1 no primeiro turno. As consultoras Opinaia e Federico Gonz\u00e1lez &amp; Asociados divulgaram uma vit\u00f3ria de 48% contra 30% de Macri e de 50% contra 27,9%, respectivamente.<\/p>\n\n\n\n<p>Na Argentina, para eleger-se em primeiro turno, o candidato precisa obter 45% dos votos ou 40% e uma dist\u00e2ncia de 10 pontos percentuais para o segundo colocado.<\/p>\n","protected":false},"excerpt":{"rendered":"<p>&nbsp;O candidato peronista Alberto Fern\u00e1ndez, 60, favorito na corrida eleitoral argentina, lan\u00e7ou na manh\u00e3 desta segunda-feira (7) o plano Argentina Sem Fome, inspirado no brasileiro&hellip; <\/p>\n","protected":false},"author":1,"featured_media":124433,"comment_status":"closed","ping_status":"closed","sticky":false,"template":"","format":"standard","meta":{"sfsi_plus_gutenberg_text_before_share":"","sfsi_plus_gutenberg_show_text_before_share":"","sfsi_plus_gutenberg_icon_type":"","sfsi_plus_gutenberg_icon_alignemt":"","sfsi_plus_gutenburg_max_per_row":"","footnotes":""},"categories":[2],"tags":[],"class_list":["post-124429","post","type-post","status-publish","format-standard","has-post-thumbnail","hentry","category-geral"],"_links":{"self":[{"href":"https:\/\/www.caririemacao.com\/1\/wp-json\/wp\/v2\/posts\/124429","targetHints":{"allow":["GET"]}}],"collection":[{"href":"https:\/\/www.caririemacao.com\/1\/wp-json\/wp\/v2\/posts"}],"about":[{"href":"https:\/\/www.caririemacao.com\/1\/wp-json\/wp\/v2\/types\/post"}],"author":[{"embeddable":true,"href":"https:\/\/www.caririemacao.com\/1\/wp-json\/wp\/v2\/users\/1"}],"replies":[{"embeddable":true,"href":"https:\/\/www.caririemacao.com\/1\/wp-json\/wp\/v2\/comments?post=124429"}],"version-history":[{"count":1,"href":"https:\/\/www.caririemacao.com\/1\/wp-json\/wp\/v2\/posts\/124429\/revisions"}],"predecessor-version":[{"id":124434,"href":"https:\/\/www.caririemacao.com\/1\/wp-json\/wp\/v2\/posts\/124429\/revisions\/124434"}],"wp:featuredmedia":[{"embeddable":true,"href":"https:\/\/www.caririemacao.com\/1\/wp-json\/wp\/v2\/media\/124433"}],"wp:attachment":[{"href":"https:\/\/www.caririemacao.com\/1\/wp-json\/wp\/v2\/media?parent=124429"}],"wp:term":[{"taxonomy":"category","embeddable":true,"href":"https:\/\/www.caririemacao.com\/1\/wp-json\/wp\/v2\/categories?post=124429"},{"taxonomy":"post_tag","embeddable":true,"href":"https:\/\/www.caririemacao.com\/1\/wp-json\/wp\/v2\/tags?post=124429"}],"curies":[{"name":"wp","href":"https:\/\/api.w.org\/{rel}","templated":true}]}}