{"id":124445,"date":"2019-10-08T09:53:43","date_gmt":"2019-10-08T12:53:43","guid":{"rendered":"http:\/\/www.caririemacao.com\/1\/?p=124445"},"modified":"2019-10-08T09:53:43","modified_gmt":"2019-10-08T12:53:43","slug":"debate-com-pessoas-desequilibradas-so-na-justica-diz-secretario-de-comunicacao-de-monteiro","status":"publish","type":"post","link":"https:\/\/www.caririemacao.com\/1\/2019\/10\/08\/debate-com-pessoas-desequilibradas-so-na-justica-diz-secretario-de-comunicacao-de-monteiro\/","title":{"rendered":"Debate com pessoas desequilibradas s\u00f3 na justi\u00e7a\u201d, diz secret\u00e1rio de Comunica\u00e7\u00e3o de Monteiro"},"content":{"rendered":"\n<p>O secret\u00e1rio de Comunica\u00e7\u00e3o do Munic\u00edpio de Monteiro, Fred Menezes, respondeu com certa ironia o desafio feito pela deputada federal Edna Henrique \u00e0 prefeita Anna Lorena para participar de um debate para tratar de assuntos pertinentes a gest\u00e3o p\u00fablica.<\/p>\n\n\n\n<p>Segundo Fred Menezes, a principal marca da gest\u00e3o da prefeita Anna Lorena tem sido o di\u00e1logo e o debate com as institui\u00e7\u00f5es p\u00fablicas e privadas, bem como com a classe pol\u00edtica de Monteiro, em especial com os vereadores que integram a C\u00e2mara Municipal.<\/p>\n\n\n\n<p>\u201cCom pessoas que n\u00e3o t\u00eam equil\u00edbrio emocional e vive de agredir e atacar a honra das pessoas, o di\u00e1logo \u00e9 e ser\u00e1 sempre na justi\u00e7a\u201d, pontuou Fred Menezes.<\/p>\n\n\n\n<p>O secret\u00e1rio Fred Menezes ainda declarou que a entrevista em uma emissora de r\u00e1dio concedida na \u00faltima sexta-feira, dia 4, pela deputada federal Edna Henrique para questionar uma simples nota que a Prefeitura de Monteiro fez para esclarecer a paralisa\u00e7\u00e3o das obras do Parque das \u00c1guas, mostra o despreparo e desequil\u00edbrio da ex-prefeita e atual deputada federal de participar de debates.<\/p>\n\n\n\n<p>\u201cEla Edna Henrique, n\u00e3o pode ser contrariada, a prefeita Anna Lorena \u00e9 agredida diariamente, de manh\u00e3, tarde e noite pelas emissoras pertencente ao grupo Henrique e consegue manter o equil\u00edbrio emocional, j\u00e1 a deputada basta questionar as mentiras plantadas pelos seus aliados que ela fica descontrolada por completo. A prefeita Anna Lorena segue em frente, sem se preocupar com estas acusa\u00e7\u00f5es infundadas, que ser\u00e3o questionadas no momento prop\u00edcio\u201d, concluiu Fred Menezes.<\/p>\n","protected":false},"excerpt":{"rendered":"<p>O secret\u00e1rio de Comunica\u00e7\u00e3o do Munic\u00edpio de Monteiro, Fred Menezes, respondeu com certa ironia o desafio feito pela deputada federal Edna Henrique \u00e0 prefeita Anna&hellip; <\/p>\n","protected":false},"author":1,"featured_media":124448,"comment_status":"closed","ping_status":"closed","sticky":false,"template":"","format":"standard","meta":{"sfsi_plus_gutenberg_text_before_share":"","sfsi_plus_gutenberg_show_text_before_share":"","sfsi_plus_gutenberg_icon_type":"","sfsi_plus_gutenberg_icon_alignemt":"","sfsi_plus_gutenburg_max_per_row":"","footnotes":""},"categories":[2],"tags":[],"class_list":["post-124445","post","type-post","status-publish","format-standard","has-post-thumbnail","hentry","category-geral"],"_links":{"self":[{"href":"https:\/\/www.caririemacao.com\/1\/wp-json\/wp\/v2\/posts\/124445","targetHints":{"allow":["GET"]}}],"collection":[{"href":"https:\/\/www.caririemacao.com\/1\/wp-json\/wp\/v2\/posts"}],"about":[{"href":"https:\/\/www.caririemacao.com\/1\/wp-json\/wp\/v2\/types\/post"}],"author":[{"embeddable":true,"href":"https:\/\/www.caririemacao.com\/1\/wp-json\/wp\/v2\/users\/1"}],"replies":[{"embeddable":true,"href":"https:\/\/www.caririemacao.com\/1\/wp-json\/wp\/v2\/comments?post=124445"}],"version-history":[{"count":1,"href":"https:\/\/www.caririemacao.com\/1\/wp-json\/wp\/v2\/posts\/124445\/revisions"}],"predecessor-version":[{"id":124449,"href":"https:\/\/www.caririemacao.com\/1\/wp-json\/wp\/v2\/posts\/124445\/revisions\/124449"}],"wp:featuredmedia":[{"embeddable":true,"href":"https:\/\/www.caririemacao.com\/1\/wp-json\/wp\/v2\/media\/124448"}],"wp:attachment":[{"href":"https:\/\/www.caririemacao.com\/1\/wp-json\/wp\/v2\/media?parent=124445"}],"wp:term":[{"taxonomy":"category","embeddable":true,"href":"https:\/\/www.caririemacao.com\/1\/wp-json\/wp\/v2\/categories?post=124445"},{"taxonomy":"post_tag","embeddable":true,"href":"https:\/\/www.caririemacao.com\/1\/wp-json\/wp\/v2\/tags?post=124445"}],"curies":[{"name":"wp","href":"https:\/\/api.w.org\/{rel}","templated":true}]}}