{"id":124478,"date":"2019-10-08T10:59:10","date_gmt":"2019-10-08T13:59:10","guid":{"rendered":"http:\/\/www.caririemacao.com\/1\/?p=124478"},"modified":"2019-10-08T10:59:10","modified_gmt":"2019-10-08T13:59:10","slug":"bolsonaro-petroleo-pode-ter-sido-despejado-criminosamente","status":"publish","type":"post","link":"https:\/\/www.caririemacao.com\/1\/2019\/10\/08\/bolsonaro-petroleo-pode-ter-sido-despejado-criminosamente\/","title":{"rendered":"Bolsonaro: petr\u00f3leo pode ter sido despejado &#8220;criminosamente&#8221;"},"content":{"rendered":"\n<p>O presidente Jair Bolsonaro disse&nbsp;hoje&nbsp;(8) que as manchas de petr\u00f3leo que atingem o litoral do Nordeste desde o m\u00eas passado podem&nbsp;ter&nbsp;sido despejadas \u201ccriminosamente&#8221;. \u201c\u00c9 um volume que n\u00e3o est\u00e1 sendo constante. Se fosse de um navio que tivesse afundado estaria saindo ainda \u00f3leo. Parece que criminosamente algo foi despejado l\u00e1\u201d, disse, ao deixar o Pal\u00e1cio da Alvorada, ap\u00f3s reuni\u00e3o com o ministro do Meio Ambiente, Ricardo Salles.<\/p>\n\n\n\n<p>As manchas j\u00e1 atingem o litoral de todos os estados do Nordeste e seguem se movimentando pela costa brasileira. Trata-se de petr\u00f3leo cru, ou seja, n\u00e3o se origina de nenhum derivado de \u00f3leo, como gasolina e outros. De acordo com Bolsonaro, a densidade da subst\u00e2ncia \u00e9 \u201cum pouquinho maior\u201d que a \u00e1gua salgada, por isso, quando no mar, fica submersa.<\/p>\n\n\n\n<p>O ministro Ricardo Salles tamb\u00e9m explicou que o movimento do \u00f3leo tem sido de ida e volta do mar para a costa. \u201cNosso papel \u00e9 agir r\u00e1pido para retirar aquilo que est\u00e1 em solo\u201d, disse o ministro. Mais de 100 toneladas de borra de petr\u00f3leo j\u00e1 foram recolhidas, de acordo com Salles.<\/p>\n\n\n\n<p>Ontem (7), ap\u00f3s reuni\u00e3o de emerg\u00eancia sobre o assunto no Minist\u00e9rio da Defesa, o presidente Bolsonaro destacou que o \u00f3leo n\u00e3o \u00e9 produzido e nem comercializado no Brasil e que h\u00e1 uma suspeita sobre o seu pa\u00eds de origem.&nbsp;Hoje, perguntado novamente, ele voltou a dizer que essa \u00e9 uma informa\u00e7\u00e3o reservada. \u201cEu n\u00e3o posso acusar um pa\u00eds e vai que n\u00e3o \u00e9 aquele vai, eu n\u00e3o quero criar um problema com outros pa\u00edses\u201d, disse.<\/p>\n\n\n\n<p>Um&nbsp;<a href=\"http:\/\/agenciabrasil.ebc.com.br\/geral\/noticia\/2019-10\/policia-federal-apura-possivel-crime-ambiental-em-litoral-brasileiro\" target=\"_blank\" rel=\"noreferrer noopener\">inqu\u00e9rito foi aberto<\/a>&nbsp;pela Pol\u00edcia Federal (PF), na semana passada, para apurar a origem da subst\u00e2ncia. A contamina\u00e7\u00e3o tamb\u00e9m \u00e9 monitorada por \u00f3rg\u00e3os como o Instituto Brasileiro do Meio Ambiente e dos Recursos Naturais Renov\u00e1veis (Ibama) e o Instituto Chico Mendes de Conserva\u00e7\u00e3o da Biodiversidade (ICMBio) desde o&nbsp;<a href=\"http:\/\/agenciabrasil.ebc.com.br\/geral\/noticia\/2019-09\/mancha-de-oleo-atinge-ao-menos-105-praias-do-nordeste\" target=\"_blank\" rel=\"noreferrer noopener\">dia&nbsp;2 de setembro<\/a>, quando as primeiras manchas foram localizadas no litoral nordestino.<\/p>\n\n\n\n<p>Bolsonaro tamb\u00e9m determinou, por meio de decreto, publicado no \u00faltimo&nbsp;s\u00e1bado&nbsp;(5), uma investiga\u00e7\u00e3o sobre as causas e a responsabilidade sobre o derramamento do \u00f3leo.&nbsp;<\/p>\n","protected":false},"excerpt":{"rendered":"<p>O presidente Jair Bolsonaro disse&nbsp;hoje&nbsp;(8) que as manchas de petr\u00f3leo que atingem o litoral do Nordeste desde o m\u00eas passado podem&nbsp;ter&nbsp;sido despejadas \u201ccriminosamente&#8221;. \u201c\u00c9 um&hellip; <\/p>\n","protected":false},"author":1,"featured_media":110614,"comment_status":"closed","ping_status":"closed","sticky":false,"template":"","format":"standard","meta":{"sfsi_plus_gutenberg_text_before_share":"","sfsi_plus_gutenberg_show_text_before_share":"","sfsi_plus_gutenberg_icon_type":"","sfsi_plus_gutenberg_icon_alignemt":"","sfsi_plus_gutenburg_max_per_row":"","footnotes":""},"categories":[11],"tags":[],"class_list":["post-124478","post","type-post","status-publish","format-standard","has-post-thumbnail","hentry","category-politica"],"_links":{"self":[{"href":"https:\/\/www.caririemacao.com\/1\/wp-json\/wp\/v2\/posts\/124478","targetHints":{"allow":["GET"]}}],"collection":[{"href":"https:\/\/www.caririemacao.com\/1\/wp-json\/wp\/v2\/posts"}],"about":[{"href":"https:\/\/www.caririemacao.com\/1\/wp-json\/wp\/v2\/types\/post"}],"author":[{"embeddable":true,"href":"https:\/\/www.caririemacao.com\/1\/wp-json\/wp\/v2\/users\/1"}],"replies":[{"embeddable":true,"href":"https:\/\/www.caririemacao.com\/1\/wp-json\/wp\/v2\/comments?post=124478"}],"version-history":[{"count":1,"href":"https:\/\/www.caririemacao.com\/1\/wp-json\/wp\/v2\/posts\/124478\/revisions"}],"predecessor-version":[{"id":124480,"href":"https:\/\/www.caririemacao.com\/1\/wp-json\/wp\/v2\/posts\/124478\/revisions\/124480"}],"wp:featuredmedia":[{"embeddable":true,"href":"https:\/\/www.caririemacao.com\/1\/wp-json\/wp\/v2\/media\/110614"}],"wp:attachment":[{"href":"https:\/\/www.caririemacao.com\/1\/wp-json\/wp\/v2\/media?parent=124478"}],"wp:term":[{"taxonomy":"category","embeddable":true,"href":"https:\/\/www.caririemacao.com\/1\/wp-json\/wp\/v2\/categories?post=124478"},{"taxonomy":"post_tag","embeddable":true,"href":"https:\/\/www.caririemacao.com\/1\/wp-json\/wp\/v2\/tags?post=124478"}],"curies":[{"name":"wp","href":"https:\/\/api.w.org\/{rel}","templated":true}]}}