{"id":124527,"date":"2019-10-08T11:23:47","date_gmt":"2019-10-08T14:23:47","guid":{"rendered":"http:\/\/www.caririemacao.com\/1\/?p=124527"},"modified":"2019-10-08T11:23:47","modified_gmt":"2019-10-08T14:23:47","slug":"futuros-servidores-publicos-federais-podem-nao-ter-direito-a-estabilidade","status":"publish","type":"post","link":"https:\/\/www.caririemacao.com\/1\/2019\/10\/08\/futuros-servidores-publicos-federais-podem-nao-ter-direito-a-estabilidade\/","title":{"rendered":"Futuros servidores p\u00fablicos federais podem n\u00e3o ter direito \u00e0 estabilidade"},"content":{"rendered":"\n<p>Os funcion\u00e1rios que ingressarem no servi\u00e7o p\u00fablico futuramente poder\u00e3o n\u00e3o ter direito \u00e0 estabilidade no cargo. A mudan\u00e7a \u00e9 estudada dentro da reforma administrativa que est\u00e1 em elabora\u00e7\u00e3o pelo Minist\u00e9rio da Economia e pode incluir regras diferentes para quem venha a entrar no servi\u00e7o p\u00fablico no futuro.<br><\/p>\n\n\n\n<p>A informa\u00e7\u00e3o foi divulgada nessa segunda-feira (7) pelo porta-voz da Presid\u00eancia da Rep\u00fablica, Ot\u00e1vio R\u00eago Barros, durante entrevista a jornalistas, no Pal\u00e1cio do Planalto.&nbsp;<\/p>\n\n\n\n<p>De acordo com mat\u00e9ria publicada pela Ag\u00eancia Brasil, no entanto, o porta-voz explicou que o governo n\u00e3o cogita mexer na situa\u00e7\u00e3o jur\u00eddica dos atuais funcion\u00e1rios p\u00fablicos, que devem permanecer, por exemplo, com estabilidade no cargo.<\/p>\n\n\n\n<p>&#8220;O presidente n\u00e3o cogita os atuais funcion\u00e1rios p\u00fablicos de terem a sua situa\u00e7\u00e3o legal modificada. Que aqueles que venham a adentrar no servi\u00e7o p\u00fablico, futuramente, [a estabilidade] est\u00e1 sob an\u00e1lise da nossas equipes e, a partir dessa an\u00e1lise, o presidente tomar\u00e1 a decis\u00e3o, \u00f3bvio, em cons\u00f3rcio com o Congresso que, ao fim e ao cabo, deve tomar a decis\u00e3o final&#8221;, disse R\u00eago Barros.<\/p>\n\n\n\n<p>Na manh\u00e3 da segunda-feira, o pr\u00f3prio presidente da Rep\u00fablica afirmou \u00e0 imprensa que nunca discutiu acabar com o fim da estabilidade para servidores p\u00fablicos. A afirma\u00e7\u00e3o, feita na sa\u00edda do Pal\u00e1cio da Alvorada, foi em resposta a uma mat\u00e9ria publicada pelo jornal Correio Braziliense. De acordo com o jornal, a proposta de reforma administrativa a ser enviada ao Congresso Nacional previa tal medida.<\/p>\n\n\n\n<p><strong>Ministro do Turismo<\/strong><\/p>\n\n\n\n<p>O porta-voz do governo tamb\u00e9m refor\u00e7ou a posi\u00e7\u00e3o do presidente pela manuten\u00e7\u00e3o do ministro do Turismo, Marcelo \u00c1lvaro Antonio, que foi denunciado pela Procuradoria Eleitoral de Minas Gerais pelo suposto uso de candidaturas-laranjas do PSL no estado nas elei\u00e7\u00f5es do ano passado.<\/p>\n\n\n\n<p>&#8220;N\u00e3o h\u00e1 da parte do presidente, nesse momento, qualquer ind\u00edcio ou qualquer formula\u00e7\u00e3o de ideia no sentido de substituir o ministro. O ministro se mant\u00e9m no cargo e det\u00e9m a confian\u00e7a do presidente Jair Bolsonaro&#8221;, disse R\u00eago Barros.<\/p>\n\n\n\n<p>Segundo a den\u00fancia, na condi\u00e7\u00e3o de presidente estadual do partido, \u00c1lvaro Ant\u00f4nio participou da inscri\u00e7\u00e3o de candidaturas de fachada de mulheres para permitir o acesso de recursos do fundo eleitoral. O ministro nega as acusa\u00e7\u00f5es.<\/p>\n","protected":false},"excerpt":{"rendered":"<p>Os funcion\u00e1rios que ingressarem no servi\u00e7o p\u00fablico futuramente poder\u00e3o n\u00e3o ter direito \u00e0 estabilidade no cargo. A mudan\u00e7a \u00e9 estudada dentro da reforma administrativa que&hellip; <\/p>\n","protected":false},"author":1,"featured_media":124529,"comment_status":"closed","ping_status":"closed","sticky":false,"template":"","format":"standard","meta":{"sfsi_plus_gutenberg_text_before_share":"","sfsi_plus_gutenberg_show_text_before_share":"","sfsi_plus_gutenberg_icon_type":"","sfsi_plus_gutenberg_icon_alignemt":"","sfsi_plus_gutenburg_max_per_row":"","footnotes":""},"categories":[2],"tags":[],"class_list":["post-124527","post","type-post","status-publish","format-standard","has-post-thumbnail","hentry","category-geral"],"_links":{"self":[{"href":"https:\/\/www.caririemacao.com\/1\/wp-json\/wp\/v2\/posts\/124527","targetHints":{"allow":["GET"]}}],"collection":[{"href":"https:\/\/www.caririemacao.com\/1\/wp-json\/wp\/v2\/posts"}],"about":[{"href":"https:\/\/www.caririemacao.com\/1\/wp-json\/wp\/v2\/types\/post"}],"author":[{"embeddable":true,"href":"https:\/\/www.caririemacao.com\/1\/wp-json\/wp\/v2\/users\/1"}],"replies":[{"embeddable":true,"href":"https:\/\/www.caririemacao.com\/1\/wp-json\/wp\/v2\/comments?post=124527"}],"version-history":[{"count":1,"href":"https:\/\/www.caririemacao.com\/1\/wp-json\/wp\/v2\/posts\/124527\/revisions"}],"predecessor-version":[{"id":124530,"href":"https:\/\/www.caririemacao.com\/1\/wp-json\/wp\/v2\/posts\/124527\/revisions\/124530"}],"wp:featuredmedia":[{"embeddable":true,"href":"https:\/\/www.caririemacao.com\/1\/wp-json\/wp\/v2\/media\/124529"}],"wp:attachment":[{"href":"https:\/\/www.caririemacao.com\/1\/wp-json\/wp\/v2\/media?parent=124527"}],"wp:term":[{"taxonomy":"category","embeddable":true,"href":"https:\/\/www.caririemacao.com\/1\/wp-json\/wp\/v2\/categories?post=124527"},{"taxonomy":"post_tag","embeddable":true,"href":"https:\/\/www.caririemacao.com\/1\/wp-json\/wp\/v2\/tags?post=124527"}],"curies":[{"name":"wp","href":"https:\/\/api.w.org\/{rel}","templated":true}]}}