{"id":124535,"date":"2019-10-08T11:26:55","date_gmt":"2019-10-08T14:26:55","guid":{"rendered":"http:\/\/www.caririemacao.com\/1\/?p=124535"},"modified":"2019-10-08T11:26:55","modified_gmt":"2019-10-08T14:26:55","slug":"500-aprovados-em-concurso-da-policia-militar-na-paraiba-serao-convocados-ate-novembro","status":"publish","type":"post","link":"https:\/\/www.caririemacao.com\/1\/2019\/10\/08\/500-aprovados-em-concurso-da-policia-militar-na-paraiba-serao-convocados-ate-novembro\/","title":{"rendered":"500 aprovados em concurso da Pol\u00edcia Militar na Para\u00edba ser\u00e3o convocados at\u00e9 novembro"},"content":{"rendered":"\n<p>A segunda turma de aprovados no concurso p\u00fablico da Pol\u00edcia Militar da Para\u00edba, realizado em 2018, ser\u00e1 convocada at\u00e9 o pr\u00f3ximo m\u00eas de novembro. Foi o que afirmou o governador do Estado, Jo\u00e3o Azev\u00eado, em entrevista ao jornalista Lu\u00eds T\u00f4rres.<br><\/p>\n\n\n\n<p>Ser\u00e3o convocados 500 aprovados \u201centre outubro e novembro\u201d, conforme disse o governador. Ele explicou ainda que, caso as 500 vagas n\u00e3o sejam preenchidas pelos 500 primeiros aprovados, candidatos do cadastro de reserva ser\u00e3o chamados at\u00e9 que se feche o n\u00famero pretendido.<\/p>\n","protected":false},"excerpt":{"rendered":"<p>A segunda turma de aprovados no concurso p\u00fablico da Pol\u00edcia Militar da Para\u00edba, realizado em 2018, ser\u00e1 convocada at\u00e9 o pr\u00f3ximo m\u00eas de novembro. Foi&hellip; <\/p>\n","protected":false},"author":1,"featured_media":124537,"comment_status":"closed","ping_status":"closed","sticky":false,"template":"","format":"standard","meta":{"sfsi_plus_gutenberg_text_before_share":"","sfsi_plus_gutenberg_show_text_before_share":"","sfsi_plus_gutenberg_icon_type":"","sfsi_plus_gutenberg_icon_alignemt":"","sfsi_plus_gutenburg_max_per_row":"","footnotes":""},"categories":[2],"tags":[],"class_list":["post-124535","post","type-post","status-publish","format-standard","has-post-thumbnail","hentry","category-geral"],"_links":{"self":[{"href":"https:\/\/www.caririemacao.com\/1\/wp-json\/wp\/v2\/posts\/124535","targetHints":{"allow":["GET"]}}],"collection":[{"href":"https:\/\/www.caririemacao.com\/1\/wp-json\/wp\/v2\/posts"}],"about":[{"href":"https:\/\/www.caririemacao.com\/1\/wp-json\/wp\/v2\/types\/post"}],"author":[{"embeddable":true,"href":"https:\/\/www.caririemacao.com\/1\/wp-json\/wp\/v2\/users\/1"}],"replies":[{"embeddable":true,"href":"https:\/\/www.caririemacao.com\/1\/wp-json\/wp\/v2\/comments?post=124535"}],"version-history":[{"count":1,"href":"https:\/\/www.caririemacao.com\/1\/wp-json\/wp\/v2\/posts\/124535\/revisions"}],"predecessor-version":[{"id":124538,"href":"https:\/\/www.caririemacao.com\/1\/wp-json\/wp\/v2\/posts\/124535\/revisions\/124538"}],"wp:featuredmedia":[{"embeddable":true,"href":"https:\/\/www.caririemacao.com\/1\/wp-json\/wp\/v2\/media\/124537"}],"wp:attachment":[{"href":"https:\/\/www.caririemacao.com\/1\/wp-json\/wp\/v2\/media?parent=124535"}],"wp:term":[{"taxonomy":"category","embeddable":true,"href":"https:\/\/www.caririemacao.com\/1\/wp-json\/wp\/v2\/categories?post=124535"},{"taxonomy":"post_tag","embeddable":true,"href":"https:\/\/www.caririemacao.com\/1\/wp-json\/wp\/v2\/tags?post=124535"}],"curies":[{"name":"wp","href":"https:\/\/api.w.org\/{rel}","templated":true}]}}