{"id":124551,"date":"2019-10-08T13:55:30","date_gmt":"2019-10-08T16:55:30","guid":{"rendered":"http:\/\/www.caririemacao.com\/1\/?p=124551"},"modified":"2019-10-08T13:55:30","modified_gmt":"2019-10-08T16:55:30","slug":"esquece-o-psl-afirma-bolsonaro-ao-criticar-presidente-de-seu-partido","status":"publish","type":"post","link":"https:\/\/www.caririemacao.com\/1\/2019\/10\/08\/esquece-o-psl-afirma-bolsonaro-ao-criticar-presidente-de-seu-partido\/","title":{"rendered":"&#8216;Esquece o PSL&#8217;, afirma Bolsonaro ao criticar presidente de seu partido"},"content":{"rendered":"\n<p>(FOLHAPRESS) &#8211; O presidente Jair Bolsonaro (PSL) pediu a um apoiador para esquecer o PSL e criticou o comandante nacional do partido, deputado Luciano Bivar (PE), que estaria &#8220;queimado para caramba&#8221;. &#8220;Esquece o PSL, esquece o PSL, t\u00e1 ok?&#8221;, cochichou Bolsonaro no ouvido do apoiador que o esperava nesta ter\u00e7a-feira (8) na porta do Pal\u00e1cio da Alvorada para gravar um v\u00eddeo.<br><\/p>\n\n\n\n<p>Um jovem se aproximou do presidente com um celular para fazer um v\u00eddeo e disse: &#8220;Eu sou do Recife, pr\u00e9-candidato do PSL&#8221;. Bolsonaro pede ent\u00e3o que ele esque\u00e7a a legenda, mas o apoiador insiste. &#8220;Eu, Bolsonaro e Bivar juntos por um novo Recife, a\u00ea!&#8221;, grita o jovem, enquanto registra a cena com um celular em posi\u00e7\u00e3o de selfie.<\/p>\n\n\n\n<p>Ao perceber que foi gravado, o presidente ent\u00e3o pede que a imagem n\u00e3o seja divulgada. &#8220;Oh cara, n\u00e3o divulga isso n\u00e3o, p\u00f4. O cara t\u00e1 queimado para caramba l\u00e1. Vai queimar o meu filme tamb\u00e9m. Esquece esse cara, esquece o partido&#8221;, afirmou.&nbsp;<\/p>\n\n\n\n<p>Em seguida, os apoiadores que cercavam o presidente recomendaram que o v\u00eddeo fosse apagado. Poucos segundos depois, o mesmo jovem refez o v\u00eddeo, suprimindo nome do presidente do PSL, Luciano Bivar, e do partido. &#8220;Viva o Recife, eu e Bolsonaro&#8221;, diz.<\/p>\n\n\n\n<p>A fala do presidente na manh\u00e3 desta ter\u00e7a contrasta com o discurso do governo sobre sua perman\u00eancia no PSL. O partido enfrenta uma crise desde que foi atingido por suspeitas de candidaturas de laranjas, caso revelado pela Folha de S.Paulo em fevereiro e que j\u00e1 resultou na queda do ex-chefe da Secretaria-Geral Gustavo Bebianno.<\/p>\n\n\n\n<p>Entre os suspeitos de irregularidades est\u00e3o Bivar e o ministro do Turismo, Marcelo \u00c1lvaro Ant\u00f4nio. &#8220;N\u00e3o h\u00e1, da parte do presidente, agora, nenhuma formula\u00e7\u00e3o com rela\u00e7\u00e3o a uma suposta transi\u00e7\u00e3o do partido&#8221;, afirmou o porta-voz da Presid\u00eancia, Ot\u00e1vio R\u00eago Barros, na segunda-feira (7).&nbsp;<\/p>\n\n\n\n<p>Em fevereiro a Folha revelou que o hoje ministro do Turismo de Bolsonaro patrocinou em 2018, quando era presidente do PSL-MG e candidato a deputado federal, o desvio de verbas p\u00fablicas do partido por meio de quatro candidatas laranjas do interior de Minas.&nbsp;<\/p>\n\n\n\n<p>Apesar de figurarem no topo das que nacionalmente mais receberam dinheiro p\u00fablico do PSL, R$ 279 mil, as quatro n\u00e3o apresentaram sinais evidentes de que tenham realizado campanha e, ao final, reuniram, juntas, apenas 2.074 votos.<\/p>\n\n\n\n<p>Parte dos recursos que \u00c1lvaro Ant\u00f4nio direcionou a elas, como presidente estadual da sigla, foi parar em empresas ligadas a assessores e ex-assessores de seu gabinete na C\u00e2mara. O ministro foi indiciado pela Pol\u00edcia Federal e denunciado pelo Minist\u00e9rio P\u00fablico de Minas nas apura\u00e7\u00f5es das candidaturas laranjas do PSL sob a acusa\u00e7\u00e3o de tr\u00eas crimes.&nbsp;<\/p>\n\n\n\n<p>Al\u00e9m de Minas, a Folha revelou a exist\u00eancia do esquema tamb\u00e9m em Pernambuco, terra do presidente nacional da legenda de Bolsonaro, o deputado federal Luciano Bivar.<\/p>\n\n\n\n<p><strong>VEJA COMO FUNCIONOU O ESQUEMA<\/strong><\/p>\n\n\n\n<p>Qual a origem da suspeita de esquema envolvendo candidatura laranja do PSL?<br>A Folha de S.Paulo revelou, em 4.fev, que o ministro do Turismo do governo Bolsonaro, Marcelo \u00c1lvaro Ant\u00f4nio (PSL), deputado federal mais votado em MG, patrocinou um esquema de candidaturas de laranjas no estado, abastecidas com verba p\u00fablica do PSL, em 2018<\/p>\n\n\n\n<p><strong>Como funcionou esse esquema?<br><\/strong><\/p>\n\n\n\n<p>\u00c1lvaro Ant\u00f4nio era presidente do PSL em Minas e tinha o poder de decidir quais candidaturas seriam lan\u00e7adas. As quatro candidatas receberam R$ 279 mil de verba p\u00fablica de campanha da legenda, ficando entre as 20 que mais receberam dinheiro do partido no pa\u00eds inteiro<\/p>\n\n\n\n<p><strong>Quais as evid\u00eancias de que as candidaturas eram de laranjas?<br><\/strong><\/p>\n\n\n\n<p>N\u00e3o h\u00e1 sinais de que elas tenham feito campanha efetiva durante a elei\u00e7\u00e3o. Ao final, juntas, somaram apenas cerca de 2.000 votos, apesar do montante recebido para a campanha.<\/p>\n\n\n\n<p>Em buscas realizadas pela PF em MG no fim de abril, os policiais n\u00e3o encontraram nas gr\u00e1ficas citadas nas presta\u00e7\u00f5es de contas nenhum documento que indicasse que elas de fato prestaram os servi\u00e7os declarados \u00e0 Justi\u00e7a Eleitoral<\/p>\n\n\n\n<p><strong>O que foi apurado at\u00e9 agora?<br><\/strong><\/p>\n\n\n\n<p>A PF afirmou que h\u00e1 ind\u00edcios concretos de que houve irregularidades na presta\u00e7\u00e3o de contas das campanhas e que \u00c1lvaro Ant\u00f4nio era a cabe\u00e7a do grupo que organizou o esquema. A suspeita \u00e9 que os valores relatados foram desviados para outros candidatos ou para terceiros. Um depoimento e uma planilha obtidos pela PF sugerem que recursos do esquema foram desviados para abastecer, por meio de caixa dois, a campanha de Jair Bolsonaro e a de \u00c1lvaro Ant\u00f4nio<\/p>\n\n\n\n<p><strong>Qual a origem da suspeita de caixa dois?<br><\/strong><\/p>\n\n\n\n<p>O coordenador da campanha do ministro a deputado federal disse \u00e0 PF que acha que parte dos valores depositados para as campanhas femininas foi usada para pagar material de campanha de \u00c1lvaro Ant\u00f4nio e de Bolsonaro. Em uma planilha h\u00e1 refer\u00eancia ao fornecimento de material eleitoral para a campanha de Bolsonaro com a express\u00e3o &#8220;out&#8221;, o que significa, na compreens\u00e3o de investigadores, pagamento &#8220;por fora&#8221;<\/p>\n\n\n\n<p><strong>\u00c1lvaro Ant\u00f4nio foi alvo de den\u00fancia sob que acusa\u00e7\u00e3o?<br><\/strong><\/p>\n\n\n\n<p>Ele \u00e9 acusado de falsidade ideol\u00f3gica eleitoral, apropria\u00e7\u00e3o ind\u00e9bita de recurso eleitoral e associa\u00e7\u00e3o criminosa. O ministro nega ter cometido irregularidades<\/p>\n\n\n\n<p><strong>O que se sabe sobre candidatura laranja em Pernambuco?<br><\/strong><\/p>\n\n\n\n<p>A Folha revelou em 10 de fevereiro que o grupo do atual presidente do PSL, Luciano Bivar (PE), rec\u00e9m-eleito segundo vice-presidente da C\u00e2mara dos Deputados, criou uma candidata laranja em Pernambuco que recebeu do partido R$ 400 mil de dinheiro p\u00fablico na elei\u00e7\u00e3o de 2018.<\/p>\n\n\n\n<p><strong>Como funcionou esse esquema?<br><\/strong><\/p>\n\n\n\n<p>Maria de Lourdes Paix\u00e3o, 68, virou candidata de \u00faltima hora para preencher vaga remanescente de cota feminina. O PSL repassou R$ 400 mil do fundo partid\u00e1rio no dia 3 de outubro, quatro dias antes da elei\u00e7\u00e3o \u2013ela foi a terceira que mais recebeu dinheiro do partido no pa\u00eds.<\/p>\n\n\n\n<p><strong>Quais as evid\u00eancias de que ela era laranja?<br><\/strong><\/p>\n\n\n\n<p>A candidata sustenta que gastou 95% do dinheiro em uma \u00fanica gr\u00e1fica para a confec\u00e7\u00e3o de 9 milh\u00f5es de santinhos e 1,7 milh\u00e3o de adesivos. Para isso, cada um dos quatro panfleteiros que ela diz ter contratado teria, em tese, a miss\u00e3o de distribuir, s\u00f3 de santinhos, 750 mil unidades por dia -sete panfletos por segundo, no caso de trabalharem 24 horas ininterruptas.<\/p>\n\n\n\n<p>A Folha de S.Paulo foi a endere\u00e7os vinculados \u00e0 gr\u00e1fica e n\u00e3o encontrou sinais de que ela tenha funcionado durante a elei\u00e7\u00e3o. N\u00e3o h\u00e1 tamb\u00e9m sinais de que a candidata tenha de fato feito campanha. Lourdes teve somente 274 votos. O advogado que defende Lourdes na investiga\u00e7\u00e3o tem seus honor\u00e1rios pagos pelo PSL.<br><\/p>\n","protected":false},"excerpt":{"rendered":"<p>(FOLHAPRESS) &#8211; O presidente Jair Bolsonaro (PSL) pediu a um apoiador para esquecer o PSL e criticou o comandante nacional do partido, deputado Luciano Bivar&hellip; <\/p>\n","protected":false},"author":1,"featured_media":107204,"comment_status":"closed","ping_status":"closed","sticky":false,"template":"","format":"standard","meta":{"sfsi_plus_gutenberg_text_before_share":"","sfsi_plus_gutenberg_show_text_before_share":"","sfsi_plus_gutenberg_icon_type":"","sfsi_plus_gutenberg_icon_alignemt":"","sfsi_plus_gutenburg_max_per_row":"","footnotes":""},"categories":[11],"tags":[],"class_list":["post-124551","post","type-post","status-publish","format-standard","has-post-thumbnail","hentry","category-politica"],"_links":{"self":[{"href":"https:\/\/www.caririemacao.com\/1\/wp-json\/wp\/v2\/posts\/124551","targetHints":{"allow":["GET"]}}],"collection":[{"href":"https:\/\/www.caririemacao.com\/1\/wp-json\/wp\/v2\/posts"}],"about":[{"href":"https:\/\/www.caririemacao.com\/1\/wp-json\/wp\/v2\/types\/post"}],"author":[{"embeddable":true,"href":"https:\/\/www.caririemacao.com\/1\/wp-json\/wp\/v2\/users\/1"}],"replies":[{"embeddable":true,"href":"https:\/\/www.caririemacao.com\/1\/wp-json\/wp\/v2\/comments?post=124551"}],"version-history":[{"count":1,"href":"https:\/\/www.caririemacao.com\/1\/wp-json\/wp\/v2\/posts\/124551\/revisions"}],"predecessor-version":[{"id":124552,"href":"https:\/\/www.caririemacao.com\/1\/wp-json\/wp\/v2\/posts\/124551\/revisions\/124552"}],"wp:featuredmedia":[{"embeddable":true,"href":"https:\/\/www.caririemacao.com\/1\/wp-json\/wp\/v2\/media\/107204"}],"wp:attachment":[{"href":"https:\/\/www.caririemacao.com\/1\/wp-json\/wp\/v2\/media?parent=124551"}],"wp:term":[{"taxonomy":"category","embeddable":true,"href":"https:\/\/www.caririemacao.com\/1\/wp-json\/wp\/v2\/categories?post=124551"},{"taxonomy":"post_tag","embeddable":true,"href":"https:\/\/www.caririemacao.com\/1\/wp-json\/wp\/v2\/tags?post=124551"}],"curies":[{"name":"wp","href":"https:\/\/api.w.org\/{rel}","templated":true}]}}