{"id":124562,"date":"2019-10-08T14:01:11","date_gmt":"2019-10-08T17:01:11","guid":{"rendered":"http:\/\/www.caririemacao.com\/1\/?p=124562"},"modified":"2019-10-08T14:01:11","modified_gmt":"2019-10-08T17:01:11","slug":"joao-em-alta-apos-crise-no-psb-governador-admite-que-recebeu-convites-para-sair-da-legenda","status":"publish","type":"post","link":"https:\/\/www.caririemacao.com\/1\/2019\/10\/08\/joao-em-alta-apos-crise-no-psb-governador-admite-que-recebeu-convites-para-sair-da-legenda\/","title":{"rendered":"Jo\u00e3o em alta: ap\u00f3s crise no PSB, governador admite que recebeu convites para sair da legenda"},"content":{"rendered":"\n<p>O governador Jo\u00e3o Azev\u00eado (PSB) admitiu que pode sair do PSB caso n\u00e3o esteja confort\u00e1vel na legenda ou\u00a0 se sinta desprestigiado. A revela\u00e7\u00e3o do gestor se deu durante entrevista na noite dessa segunda-feira (7), no programa \u2018Frente a Frente\u2019, da TV Arapuan.<\/p>\n\n\n\n<p>\u201c\u00c9 preciso que o ciclo se feche, e d\u00ea o conforto para eu permanecer no partido. Se eu n\u00e3o estiver confort\u00e1vel ou se o partido n\u00e3o achar importante ter um governador, sairei do PSB\u201d, afirmou.<\/p>\n\n\n\n<p>Jo\u00e3o confirmou ainda que, ap\u00f3s a crise no PSB, foi convidado por diversas legendas.<\/p>\n\n\n\n<p>\u201cEm fun\u00e7\u00e3o dessa crise, recebi o convite para assumir algumas legendas no estado\u201d, disse.<\/p>\n","protected":false},"excerpt":{"rendered":"<p>O governador Jo\u00e3o Azev\u00eado (PSB) admitiu que pode sair do PSB caso n\u00e3o esteja confort\u00e1vel na legenda ou\u00a0 se sinta desprestigiado. A revela\u00e7\u00e3o do gestor&hellip; <\/p>\n","protected":false},"author":1,"featured_media":82372,"comment_status":"closed","ping_status":"closed","sticky":false,"template":"","format":"standard","meta":{"sfsi_plus_gutenberg_text_before_share":"","sfsi_plus_gutenberg_show_text_before_share":"","sfsi_plus_gutenberg_icon_type":"","sfsi_plus_gutenberg_icon_alignemt":"","sfsi_plus_gutenburg_max_per_row":"","footnotes":""},"categories":[11],"tags":[],"class_list":["post-124562","post","type-post","status-publish","format-standard","has-post-thumbnail","hentry","category-politica"],"_links":{"self":[{"href":"https:\/\/www.caririemacao.com\/1\/wp-json\/wp\/v2\/posts\/124562","targetHints":{"allow":["GET"]}}],"collection":[{"href":"https:\/\/www.caririemacao.com\/1\/wp-json\/wp\/v2\/posts"}],"about":[{"href":"https:\/\/www.caririemacao.com\/1\/wp-json\/wp\/v2\/types\/post"}],"author":[{"embeddable":true,"href":"https:\/\/www.caririemacao.com\/1\/wp-json\/wp\/v2\/users\/1"}],"replies":[{"embeddable":true,"href":"https:\/\/www.caririemacao.com\/1\/wp-json\/wp\/v2\/comments?post=124562"}],"version-history":[{"count":1,"href":"https:\/\/www.caririemacao.com\/1\/wp-json\/wp\/v2\/posts\/124562\/revisions"}],"predecessor-version":[{"id":124563,"href":"https:\/\/www.caririemacao.com\/1\/wp-json\/wp\/v2\/posts\/124562\/revisions\/124563"}],"wp:featuredmedia":[{"embeddable":true,"href":"https:\/\/www.caririemacao.com\/1\/wp-json\/wp\/v2\/media\/82372"}],"wp:attachment":[{"href":"https:\/\/www.caririemacao.com\/1\/wp-json\/wp\/v2\/media?parent=124562"}],"wp:term":[{"taxonomy":"category","embeddable":true,"href":"https:\/\/www.caririemacao.com\/1\/wp-json\/wp\/v2\/categories?post=124562"},{"taxonomy":"post_tag","embeddable":true,"href":"https:\/\/www.caririemacao.com\/1\/wp-json\/wp\/v2\/tags?post=124562"}],"curies":[{"name":"wp","href":"https:\/\/api.w.org\/{rel}","templated":true}]}}