{"id":124564,"date":"2019-10-08T14:02:06","date_gmt":"2019-10-08T17:02:06","guid":{"rendered":"http:\/\/www.caririemacao.com\/1\/?p=124564"},"modified":"2019-10-08T14:02:06","modified_gmt":"2019-10-08T17:02:06","slug":"programa-do-mec-abrira-15-milhao-de-vagas-em-educacao-profissional","status":"publish","type":"post","link":"https:\/\/www.caririemacao.com\/1\/2019\/10\/08\/programa-do-mec-abrira-15-milhao-de-vagas-em-educacao-profissional\/","title":{"rendered":"Programa do MEC abrir\u00e1 1,5 milh\u00e3o de vagas em educa\u00e7\u00e3o profissional"},"content":{"rendered":"\n<p>O Minist\u00e9rio da Educa\u00e7\u00e3o (MEC) vai ofertar mais 1,5 milh\u00e3o de vagas em educa\u00e7\u00e3o profissional e tecnol\u00f3gica at\u00e9 2023. O aumento das vagas faz parte do programa Novos Caminhos, lan\u00e7ado hoje (8). Com o programa, as atuais 1,9 milh\u00e3o de vagas passar\u00e3o para 3,4 milh\u00f5es em todo o pa\u00eds, representando um aumento de 80%. O ministro da Educa\u00e7\u00e3o, Abraham Weintraub, assinou quatro portarias para dar andamento ao programa.<\/p>\n\n\n\n<p>Segundo o ministro, o objetivo \u00e9 acabar com preconceitos em rela\u00e7\u00e3o a cursos t\u00e9cnicos e melhorar a qualifica\u00e7\u00e3o dos profissionais. \u201cUm curso t\u00e9cnico bom permite ao jovem ter renda superior a algu\u00e9m formado em curso superior, que n\u00e3o tem foco na realidade.&#8221;<\/p>\n\n\n\n<p>Essas vagas dever\u00e3o ser ofertadas tanto no ensino m\u00e9dio quanto para jovens e adultos que j\u00e1 est\u00e3o fora da escola. A pasta pretende tamb\u00e9m articular a oferta dos cursos com a demanda do mercado de trabalho. \u201cA educa\u00e7\u00e3o tem que estar voltada para o mercado de trabalho, n\u00e3o pode dar as costas e ignorar as demandas do setor produtivo\u201d, disse o secret\u00e1rio de Educa\u00e7\u00e3o Profissional e Tecnol\u00f3gica, Ariosto Antunes Culau.&nbsp;<\/p>\n\n\n\n<p>O programa prev\u00ea uma s\u00e9rie de a\u00e7\u00f5es, que incluem mudan\u00e7as na regula\u00e7\u00e3o da oferta de cursos t\u00e9cnicos, forma\u00e7\u00e3o de professores e amplia\u00e7\u00e3o de cursos profissionais e t\u00e9cnicos. O novo programa se baseia em tr\u00eas eixos: Gest\u00e3o e Resultados; Articula\u00e7\u00e3o e Fortalecimento, e Inova\u00e7\u00e3o e Empreendedorismo.<\/p>\n\n\n\n<h2 class=\"wp-block-heading\">Forma\u00e7\u00e3o de professores<\/h2>\n\n\n\n<p>A meta da pasta, al\u00e9m da abertura de novas vagas para estudantes \u00e9 preparar 40 mil professores da rede p\u00fablica at\u00e9 2022 com aulas sobre atualiza\u00e7\u00e3o tecnol\u00f3gica, t\u00e9cnicas pedag\u00f3gicas voltadas para a educa\u00e7\u00e3o profissional, empreendedorismo e orienta\u00e7\u00e3o vocacional e profissional. Ser\u00e3o abertas tamb\u00e9m 21 mil vagas para forma\u00e7\u00e3o de professores de ci\u00eancias e de matem\u00e1tica.<\/p>\n\n\n\n<p>Dever\u00e3o ainda ser reconhecidos mais de 11 mil diplomas de pessoas que conclu\u00edram a forma\u00e7\u00e3o t\u00e9cnica na rede privada de ensino superior desde 2016, mas n\u00e3o tinham chancela da pasta por conta da aus\u00eancia de ordenamento jur\u00eddico.<\/p>\n\n\n\n<h2 class=\"wp-block-heading\">Pesquisa aplicada<\/h2>\n\n\n\n<p>O MEC pretende criar um escrit\u00f3rio, que atuar\u00e1 na articula\u00e7\u00e3o entre os setores p\u00fablico e privado. Esse escrit\u00f3rio dever\u00e1 estimular a pesquisa aplicada, a inova\u00e7\u00e3o e a inicia\u00e7\u00e3o tecnol\u00f3gica. Ser\u00e3o lan\u00e7ados editais para estudantes, professores e pesquisadores com investimento total de R$ 60 milh\u00f5es at\u00e9 2022.<\/p>\n\n\n\n<p>Al\u00e9m disso, a pasta anunciou a cria\u00e7\u00e3o de cinco polos de inova\u00e7\u00e3o nos institutos federais voltados para empreendedorismo e pesquisas aplicadas.<\/p>\n\n\n\n<h2 class=\"wp-block-heading\">Cat\u00e1logo de cursos<\/h2>\n\n\n\n<p>A pasta vai atualizar o cat\u00e1logo nacional de cursos t\u00e9cnicos, que orienta a oferta em todo o pa\u00eds. O cat\u00e1logo vigente, segundo o MEC, foi atualizado em 2014, com base no cen\u00e1rio do Brasil em 2013. \u201c[Vamos fazer a] identifica\u00e7\u00e3o dos conhecimentos e habilidades, das novas profiss\u00f5es, que devem ser incorporadas ao cat\u00e1logo\u201d, disse o secret\u00e1rio Culau. Para a atualiza\u00e7\u00e3o, o setor produtivo dever\u00e1 ser procurado para expor a atual demanda.<\/p>\n\n\n\n<p>A pasta pretende tamb\u00e9m consolidar um novo marco regulat\u00f3rio para a oferta de cursos t\u00e9cnicos por institui\u00e7\u00f5es privadas de ensino superior.<\/p>\n\n\n\n<h2 class=\"wp-block-heading\">Parceria com estados<\/h2>\n\n\n\n<p>Em parceria com os estados, a inten\u00e7\u00e3o \u00e9 ofertar, at\u00e9 2022, 2 mil vagas de mestrado profissional em redes estaduais.<\/p>\n\n\n\n<p>Mais de 100 mil vagas voltadas para a qualifica\u00e7\u00e3o profissional dever\u00e3o ser ofertadas com recursos do Bolsa Forma\u00e7\u00e3o, que est\u00e3o, de acordo com o MEC, nas contas dos estados e do Distrito Federal. Para isso, ser\u00e3o repactuados R$ 550 milh\u00f5es. Os entes federados poder\u00e3o buscar parcerias com o Sistema S e com a rede federal.<\/p>\n\n\n\n<h2 class=\"wp-block-heading\">Cen\u00e1rio internacional<\/h2>\n\n\n\n<p>De acordo com dados apresentados pelo MEC, o Brasil est\u00e1 distante da oferta de educa\u00e7\u00e3o profissional e t\u00e9cnica de outros pa\u00edses. Enquanto no Brasil a oferta de ensino t\u00e9cnico chega a 8% das matr\u00edculas de ensino m\u00e9dio, no Reino Unido esse percentual \u00e9 de 63%; na Uni\u00e3o Europeia, 48%; e, no Chile, 31%.<\/p>\n","protected":false},"excerpt":{"rendered":"<p>O Minist\u00e9rio da Educa\u00e7\u00e3o (MEC) vai ofertar mais 1,5 milh\u00e3o de vagas em educa\u00e7\u00e3o profissional e tecnol\u00f3gica at\u00e9 2023. O aumento das vagas faz parte&hellip; <\/p>\n","protected":false},"author":1,"featured_media":50105,"comment_status":"closed","ping_status":"closed","sticky":false,"template":"","format":"standard","meta":{"sfsi_plus_gutenberg_text_before_share":"","sfsi_plus_gutenberg_show_text_before_share":"","sfsi_plus_gutenberg_icon_type":"","sfsi_plus_gutenberg_icon_alignemt":"","sfsi_plus_gutenburg_max_per_row":"","footnotes":""},"categories":[14],"tags":[],"class_list":["post-124564","post","type-post","status-publish","format-standard","has-post-thumbnail","hentry","category-educacao"],"_links":{"self":[{"href":"https:\/\/www.caririemacao.com\/1\/wp-json\/wp\/v2\/posts\/124564","targetHints":{"allow":["GET"]}}],"collection":[{"href":"https:\/\/www.caririemacao.com\/1\/wp-json\/wp\/v2\/posts"}],"about":[{"href":"https:\/\/www.caririemacao.com\/1\/wp-json\/wp\/v2\/types\/post"}],"author":[{"embeddable":true,"href":"https:\/\/www.caririemacao.com\/1\/wp-json\/wp\/v2\/users\/1"}],"replies":[{"embeddable":true,"href":"https:\/\/www.caririemacao.com\/1\/wp-json\/wp\/v2\/comments?post=124564"}],"version-history":[{"count":1,"href":"https:\/\/www.caririemacao.com\/1\/wp-json\/wp\/v2\/posts\/124564\/revisions"}],"predecessor-version":[{"id":124565,"href":"https:\/\/www.caririemacao.com\/1\/wp-json\/wp\/v2\/posts\/124564\/revisions\/124565"}],"wp:featuredmedia":[{"embeddable":true,"href":"https:\/\/www.caririemacao.com\/1\/wp-json\/wp\/v2\/media\/50105"}],"wp:attachment":[{"href":"https:\/\/www.caririemacao.com\/1\/wp-json\/wp\/v2\/media?parent=124564"}],"wp:term":[{"taxonomy":"category","embeddable":true,"href":"https:\/\/www.caririemacao.com\/1\/wp-json\/wp\/v2\/categories?post=124564"},{"taxonomy":"post_tag","embeddable":true,"href":"https:\/\/www.caririemacao.com\/1\/wp-json\/wp\/v2\/tags?post=124564"}],"curies":[{"name":"wp","href":"https:\/\/api.w.org\/{rel}","templated":true}]}}