{"id":124568,"date":"2019-10-08T14:04:49","date_gmt":"2019-10-08T17:04:49","guid":{"rendered":"http:\/\/www.caririemacao.com\/1\/?p=124568"},"modified":"2019-10-08T14:04:49","modified_gmt":"2019-10-08T17:04:49","slug":"prefeito-eden-duarte-anuncia-licitacao-para-retomada-do-programa-de-implantes-dentarios","status":"publish","type":"post","link":"https:\/\/www.caririemacao.com\/1\/2019\/10\/08\/prefeito-eden-duarte-anuncia-licitacao-para-retomada-do-programa-de-implantes-dentarios\/","title":{"rendered":"Prefeito \u00c9den Duarte anuncia licita\u00e7\u00e3o para retomada do Programa de Implantes Dent\u00e1rios"},"content":{"rendered":"\n<p>O prefeito de Sum\u00e9, \u00c9den Duarte, anunciou nesta segunda-feira (07), a primeira fase de licita\u00e7\u00e3o pra retomada do programa de implantes dent\u00e1rios, o certame acontece dia 22 deste m\u00eas.<\/p>\n\n\n\n<p>De acordo com o prefeito, a ideia \u00e9 realizar as fases do processo licitat\u00f3rio no menor tempo poss\u00edvel, fazendo com que a popula\u00e7\u00e3o possa voltar a ser beneficiada.<\/p>\n\n\n\n<p>\u00c9den informou que foi necess\u00e1rio um tempo para a retomada dos servi\u00e7os, em fun\u00e7\u00e3o de alguns ajustes tomados pela Prefeitura para garantir que o programa funcione de forma eficiente.<\/p>\n\n\n\n<p>Os recursos para o programa j\u00e1 est\u00e3o em conta. Ser\u00e3o atendimentos usu\u00e1rios de Sum\u00e9 e dos 17 munic\u00edpios do Cariri Ocidental. Os atendimentos ser\u00e3o realizados no Centro de Especialidades Odontol\u00f3gicas de Sum\u00e9.<\/p>\n\n\n\n<p>De acordo com a secret\u00e1ria de Sa\u00fade, Alessandra Regina, para que os sumeenses possam ser atendidos ser\u00e1 necess\u00e1rio um relat\u00f3rio de cada unidade de sa\u00fade dos bairros. \u201cCom o retorno do programa, somente ser\u00e1 atendido o usu\u00e1rio que estiver devidamente encaminhado pelo cirurgi\u00e3o dentista da aten\u00e7\u00e3o b\u00e1sica\u201d, informou a secret\u00e1ria.<\/p>\n\n\n\n<p>A popula\u00e7\u00e3o dos demais munic\u00edpios para serem atendidos tamb\u00e9m precisar\u00e3o de encaminhamento das unidades de sa\u00fade e da Secretaria de Sa\u00fade de cada cidade para que possam dar prosseguimento ao atendimento em Sum\u00e9.<\/p>\n\n\n\n<p>O prefeito \u00c9den afirmou que a gest\u00e3o do munic\u00edpio de Sum\u00e9 tem buscado investir na sa\u00fade bucal de qualidade, melhorando as condi\u00e7\u00f5es dos servi\u00e7os ofertados. \u201cSum\u00e9 hoje possui 21 consult\u00f3rios odontol\u00f3gicos p\u00fablicos, democratizando o acesso e garantindo a\u00e7\u00f5es de promo\u00e7\u00e3o e recupera\u00e7\u00e3o do sorriso do nosso povo\u201d, declarou o prefeito.<\/p>\n\n\n\n<p>Ascom PMS<\/p>\n","protected":false},"excerpt":{"rendered":"<p>O prefeito de Sum\u00e9, \u00c9den Duarte, anunciou nesta segunda-feira (07), a primeira fase de licita\u00e7\u00e3o pra retomada do programa de implantes dent\u00e1rios, o certame acontece&hellip; <\/p>\n","protected":false},"author":1,"featured_media":124569,"comment_status":"closed","ping_status":"closed","sticky":false,"template":"","format":"standard","meta":{"sfsi_plus_gutenberg_text_before_share":"","sfsi_plus_gutenberg_show_text_before_share":"","sfsi_plus_gutenberg_icon_type":"","sfsi_plus_gutenberg_icon_alignemt":"","sfsi_plus_gutenburg_max_per_row":"","footnotes":""},"categories":[6,50],"tags":[],"class_list":["post-124568","post","type-post","status-publish","format-standard","has-post-thumbnail","hentry","category-cidades","category-destaque"],"_links":{"self":[{"href":"https:\/\/www.caririemacao.com\/1\/wp-json\/wp\/v2\/posts\/124568","targetHints":{"allow":["GET"]}}],"collection":[{"href":"https:\/\/www.caririemacao.com\/1\/wp-json\/wp\/v2\/posts"}],"about":[{"href":"https:\/\/www.caririemacao.com\/1\/wp-json\/wp\/v2\/types\/post"}],"author":[{"embeddable":true,"href":"https:\/\/www.caririemacao.com\/1\/wp-json\/wp\/v2\/users\/1"}],"replies":[{"embeddable":true,"href":"https:\/\/www.caririemacao.com\/1\/wp-json\/wp\/v2\/comments?post=124568"}],"version-history":[{"count":1,"href":"https:\/\/www.caririemacao.com\/1\/wp-json\/wp\/v2\/posts\/124568\/revisions"}],"predecessor-version":[{"id":124570,"href":"https:\/\/www.caririemacao.com\/1\/wp-json\/wp\/v2\/posts\/124568\/revisions\/124570"}],"wp:featuredmedia":[{"embeddable":true,"href":"https:\/\/www.caririemacao.com\/1\/wp-json\/wp\/v2\/media\/124569"}],"wp:attachment":[{"href":"https:\/\/www.caririemacao.com\/1\/wp-json\/wp\/v2\/media?parent=124568"}],"wp:term":[{"taxonomy":"category","embeddable":true,"href":"https:\/\/www.caririemacao.com\/1\/wp-json\/wp\/v2\/categories?post=124568"},{"taxonomy":"post_tag","embeddable":true,"href":"https:\/\/www.caririemacao.com\/1\/wp-json\/wp\/v2\/tags?post=124568"}],"curies":[{"name":"wp","href":"https:\/\/api.w.org\/{rel}","templated":true}]}}