{"id":124576,"date":"2019-10-08T14:14:33","date_gmt":"2019-10-08T17:14:33","guid":{"rendered":"http:\/\/www.caririemacao.com\/1\/?p=124576"},"modified":"2019-10-08T14:14:33","modified_gmt":"2019-10-08T17:14:33","slug":"ufcg-divulga-calendario-academico-2020","status":"publish","type":"post","link":"https:\/\/www.caririemacao.com\/1\/2019\/10\/08\/ufcg-divulga-calendario-academico-2020\/","title":{"rendered":"UFCG divulga Calend\u00e1rio Acad\u00eamico 2020"},"content":{"rendered":"\n<div class=\"wp-block-image\"><figure class=\"aligncenter\"><a href=\"http:\/\/noticiasemdestaque.com\/cd\/wp-content\/uploads\/2019\/04\/cdsa-sume.jpg\"><img decoding=\"async\" data-src=\"http:\/\/noticiasemdestaque.com\/cd\/wp-content\/uploads\/2019\/04\/cdsa-sume.jpg\" alt=\"\" class=\"wp-image-16794 lazyload\" src=\"data:image\/svg+xml;base64,PHN2ZyB3aWR0aD0iMSIgaGVpZ2h0PSIxIiB4bWxucz0iaHR0cDovL3d3dy53My5vcmcvMjAwMC9zdmciPjwvc3ZnPg==\" \/><\/a><\/figure><\/div>\n\n\n\n<p>A Universidade Federal de Campina Grande (UFCG) publicou na manh\u00e3 desta quarta-feira, dia 2, o Calend\u00e1rio Acad\u00eamico da gradua\u00e7\u00e3o para o ano letivo de 2020. Al\u00e9m da divulga\u00e7\u00e3o dos prazos de atividades por per\u00edodo (2020.1 e 2020.2), haver\u00e1 um calend\u00e1rio espec\u00edfico para cursos de F\u00e9rias, que ocorrer\u00e3o entre os dias&nbsp;6&nbsp;de janeiro e&nbsp;13 de fevereiro, com as&nbsp;matr\u00edculas sendo realizadas&nbsp;nos dias 2 e 3 de janeiro.<\/p>\n\n\n\n<p>Para o per\u00edodo 2020.1, as matr\u00edculas em disciplinas dos alunos ingressantes ocorrer\u00e3o no dia 2 de mar\u00e7o. Para os veteranos, o prazo \u00e9 de 3 a 6 de mar\u00e7o. As aulas ter\u00e3o in\u00edcio no dia 9 de mar\u00e7o e t\u00e9rmino no dia 8 de julho. As provas finais ocorrer\u00e3o de 9 a 15 de julho.<\/p>\n\n\n\n<p>As matr\u00edculas dos alunos ingressantes do per\u00edodo 2020.2 acontecer\u00e3o no dia 3 de agosto. Para os veteranos, de 4 a 7 de agosto. In\u00edcio das aulas no dia 10 de agosto e t\u00e9rmino no dia 7 de dezembro. Provas finais de 8 a 12 de dezembro.<\/p>\n\n\n\n<p>Confira&nbsp;<a href=\"https:\/\/pre.ufcg.edu.br\/pre\/calendarios-academicos\" target=\"_blank\" rel=\"noreferrer noopener\">aqui<\/a>&nbsp;os calend\u00e1rios acad\u00eamicos 2020.<\/p>\n\n\n\n<p>(Ascom UFCG)<\/p>\n","protected":false},"excerpt":{"rendered":"<p>A Universidade Federal de Campina Grande (UFCG) publicou na manh\u00e3 desta quarta-feira, dia 2, o Calend\u00e1rio Acad\u00eamico da gradua\u00e7\u00e3o para o ano letivo de 2020.&hellip; <\/p>\n","protected":false},"author":1,"featured_media":3662,"comment_status":"closed","ping_status":"closed","sticky":false,"template":"","format":"standard","meta":{"sfsi_plus_gutenberg_text_before_share":"","sfsi_plus_gutenberg_show_text_before_share":"","sfsi_plus_gutenberg_icon_type":"","sfsi_plus_gutenberg_icon_alignemt":"","sfsi_plus_gutenburg_max_per_row":"","footnotes":""},"categories":[14],"tags":[],"class_list":["post-124576","post","type-post","status-publish","format-standard","has-post-thumbnail","hentry","category-educacao"],"_links":{"self":[{"href":"https:\/\/www.caririemacao.com\/1\/wp-json\/wp\/v2\/posts\/124576","targetHints":{"allow":["GET"]}}],"collection":[{"href":"https:\/\/www.caririemacao.com\/1\/wp-json\/wp\/v2\/posts"}],"about":[{"href":"https:\/\/www.caririemacao.com\/1\/wp-json\/wp\/v2\/types\/post"}],"author":[{"embeddable":true,"href":"https:\/\/www.caririemacao.com\/1\/wp-json\/wp\/v2\/users\/1"}],"replies":[{"embeddable":true,"href":"https:\/\/www.caririemacao.com\/1\/wp-json\/wp\/v2\/comments?post=124576"}],"version-history":[{"count":1,"href":"https:\/\/www.caririemacao.com\/1\/wp-json\/wp\/v2\/posts\/124576\/revisions"}],"predecessor-version":[{"id":124577,"href":"https:\/\/www.caririemacao.com\/1\/wp-json\/wp\/v2\/posts\/124576\/revisions\/124577"}],"wp:featuredmedia":[{"embeddable":true,"href":"https:\/\/www.caririemacao.com\/1\/wp-json\/wp\/v2\/media\/3662"}],"wp:attachment":[{"href":"https:\/\/www.caririemacao.com\/1\/wp-json\/wp\/v2\/media?parent=124576"}],"wp:term":[{"taxonomy":"category","embeddable":true,"href":"https:\/\/www.caririemacao.com\/1\/wp-json\/wp\/v2\/categories?post=124576"},{"taxonomy":"post_tag","embeddable":true,"href":"https:\/\/www.caririemacao.com\/1\/wp-json\/wp\/v2\/tags?post=124576"}],"curies":[{"name":"wp","href":"https:\/\/api.w.org\/{rel}","templated":true}]}}