{"id":124590,"date":"2019-10-08T22:37:27","date_gmt":"2019-10-09T01:37:27","guid":{"rendered":"http:\/\/www.caririemacao.com\/1\/?p=124590"},"modified":"2019-10-08T22:37:27","modified_gmt":"2019-10-09T01:37:27","slug":"sandro-moco-cumpre-agenda-em-brasilia-e-busca-de-recursos-para-camalau","status":"publish","type":"post","link":"https:\/\/www.caririemacao.com\/1\/2019\/10\/08\/sandro-moco-cumpre-agenda-em-brasilia-e-busca-de-recursos-para-camalau\/","title":{"rendered":"Sandro M\u00f4co cumpre agenda em Bras\u00edlia e busca de recursos para Camala\u00fa"},"content":{"rendered":"\n<p>O prefeito de Camala\u00fa, Sandro M\u00f4co, est\u00e1 na capital Bras\u00edlia, participando de reuni\u00f5es com parlamentares e visitando minist\u00e9rios objetivando investimentos para o munic\u00edpio.<\/p>\n\n\n\n<p>Sandro esteve no Minist\u00e9rio do Desenvolvimento Regional em busca de recursos para aquisi\u00e7\u00e3o de ve\u00edculos para a assist\u00eancia social de Camala\u00fa. O prefeito informou que recebeu do deputado federal, Pedro Cunha Lima, a sinaliza\u00e7\u00e3o positiva de que ir\u00e1 apresentar emenda parlamentar para atender a demanda dos camalauenses. <\/p>\n\n\n\n<figure class=\"wp-block-image\"><img fetchpriority=\"high\" decoding=\"async\" width=\"576\" height=\"1024\" src=\"http:\/\/www.caririemacao.com\/1\/wp-content\/uploads\/2019\/10\/WhatsApp-Image-2019-10-08-at-21.56.50-2-576x1024.jpeg\" alt=\"\" class=\"wp-image-124591\" srcset=\"https:\/\/www.caririemacao.com\/1\/wp-content\/uploads\/2019\/10\/WhatsApp-Image-2019-10-08-at-21.56.50-2-576x1024.jpeg 576w, https:\/\/www.caririemacao.com\/1\/wp-content\/uploads\/2019\/10\/WhatsApp-Image-2019-10-08-at-21.56.50-2-169x300.jpeg 169w, https:\/\/www.caririemacao.com\/1\/wp-content\/uploads\/2019\/10\/WhatsApp-Image-2019-10-08-at-21.56.50-2.jpeg 720w\" sizes=\"(max-width: 576px) 100vw, 576px\" \/><\/figure>\n\n\n\n<p>O prefeito tamb\u00e9m esteve no Minist\u00e9rio da Sa\u00fade buscando informa\u00e7\u00f5es de libera\u00e7\u00e3o de recursos para a constru\u00e7\u00e3o de uma academia de sa\u00fade que ser\u00e1 implantada no Alto Santo Ant\u00f4nio (Xexo). Sandro informou que o recurso \u00e9 resultado de uma emenda do senador C\u00e1ssio Cunha Lima, j\u00e1 empenhada e que sua libera\u00e7\u00e3o dever\u00e1 ocorrer ainda esta semana.<\/p>\n\n\n\n<figure class=\"wp-block-image\"><img decoding=\"async\" width=\"760\" height=\"749\" data-src=\"http:\/\/www.caririemacao.com\/1\/wp-content\/uploads\/2019\/10\/WhatsApp-Image-2019-10-08-at-21.56.50.jpeg\" alt=\"\" class=\"wp-image-124593 lazyload\" data-srcset=\"https:\/\/www.caririemacao.com\/1\/wp-content\/uploads\/2019\/10\/WhatsApp-Image-2019-10-08-at-21.56.50.jpeg 760w, https:\/\/www.caririemacao.com\/1\/wp-content\/uploads\/2019\/10\/WhatsApp-Image-2019-10-08-at-21.56.50-300x296.jpeg 300w\" data-sizes=\"(max-width: 760px) 100vw, 760px\" src=\"data:image\/svg+xml;base64,PHN2ZyB3aWR0aD0iMSIgaGVpZ2h0PSIxIiB4bWxucz0iaHR0cDovL3d3dy53My5vcmcvMjAwMC9zdmciPjwvc3ZnPg==\" style=\"--smush-placeholder-width: 760px; --smush-placeholder-aspect-ratio: 760\/749;\" \/><\/figure>\n\n\n\n<p>J\u00e1 a noite, o prefeito, ao lado de senadores e deputados federais, esteve participando de uma reuni\u00e3o com a bancada paraibana no Congresso Nacional. <\/p>\n\n\n\n<figure class=\"wp-block-image\"><img decoding=\"async\" width=\"760\" height=\"746\" data-src=\"http:\/\/www.caririemacao.com\/1\/wp-content\/uploads\/2019\/10\/WhatsApp-Image-2019-10-08-at-21.56.49.jpeg\" alt=\"\" class=\"wp-image-124594 lazyload\" data-srcset=\"https:\/\/www.caririemacao.com\/1\/wp-content\/uploads\/2019\/10\/WhatsApp-Image-2019-10-08-at-21.56.49.jpeg 760w, https:\/\/www.caririemacao.com\/1\/wp-content\/uploads\/2019\/10\/WhatsApp-Image-2019-10-08-at-21.56.49-300x294.jpeg 300w\" data-sizes=\"(max-width: 760px) 100vw, 760px\" src=\"data:image\/svg+xml;base64,PHN2ZyB3aWR0aD0iMSIgaGVpZ2h0PSIxIiB4bWxucz0iaHR0cDovL3d3dy53My5vcmcvMjAwMC9zdmciPjwvc3ZnPg==\" style=\"--smush-placeholder-width: 760px; --smush-placeholder-aspect-ratio: 760\/746;\" \/><\/figure>\n\n\n\n<p>Na ocasi\u00e3o, houve um encontro entre o prefeito e o governador Jo\u00e3o Azevedo. Na pauta, foram tratados assuntos administrativos e solicitado uma audi\u00eancia com o governador no Pal\u00e1cio da Reden\u00e7\u00e3o para estreitar as parcerias com o munic\u00edpio de Camala\u00fa.<\/p>\n","protected":false},"excerpt":{"rendered":"<p>O prefeito de Camala\u00fa, Sandro M\u00f4co, est\u00e1 na capital Bras\u00edlia, participando de reuni\u00f5es com parlamentares e visitando minist\u00e9rios objetivando investimentos para o munic\u00edpio. Sandro esteve&hellip; <\/p>\n","protected":false},"author":2,"featured_media":124592,"comment_status":"closed","ping_status":"closed","sticky":false,"template":"","format":"standard","meta":{"sfsi_plus_gutenberg_text_before_share":"","sfsi_plus_gutenberg_show_text_before_share":"","sfsi_plus_gutenberg_icon_type":"","sfsi_plus_gutenberg_icon_alignemt":"","sfsi_plus_gutenburg_max_per_row":"","footnotes":""},"categories":[6,50],"tags":[],"class_list":["post-124590","post","type-post","status-publish","format-standard","has-post-thumbnail","hentry","category-cidades","category-destaque"],"_links":{"self":[{"href":"https:\/\/www.caririemacao.com\/1\/wp-json\/wp\/v2\/posts\/124590","targetHints":{"allow":["GET"]}}],"collection":[{"href":"https:\/\/www.caririemacao.com\/1\/wp-json\/wp\/v2\/posts"}],"about":[{"href":"https:\/\/www.caririemacao.com\/1\/wp-json\/wp\/v2\/types\/post"}],"author":[{"embeddable":true,"href":"https:\/\/www.caririemacao.com\/1\/wp-json\/wp\/v2\/users\/2"}],"replies":[{"embeddable":true,"href":"https:\/\/www.caririemacao.com\/1\/wp-json\/wp\/v2\/comments?post=124590"}],"version-history":[{"count":1,"href":"https:\/\/www.caririemacao.com\/1\/wp-json\/wp\/v2\/posts\/124590\/revisions"}],"predecessor-version":[{"id":124595,"href":"https:\/\/www.caririemacao.com\/1\/wp-json\/wp\/v2\/posts\/124590\/revisions\/124595"}],"wp:featuredmedia":[{"embeddable":true,"href":"https:\/\/www.caririemacao.com\/1\/wp-json\/wp\/v2\/media\/124592"}],"wp:attachment":[{"href":"https:\/\/www.caririemacao.com\/1\/wp-json\/wp\/v2\/media?parent=124590"}],"wp:term":[{"taxonomy":"category","embeddable":true,"href":"https:\/\/www.caririemacao.com\/1\/wp-json\/wp\/v2\/categories?post=124590"},{"taxonomy":"post_tag","embeddable":true,"href":"https:\/\/www.caririemacao.com\/1\/wp-json\/wp\/v2\/tags?post=124590"}],"curies":[{"name":"wp","href":"https:\/\/api.w.org\/{rel}","templated":true}]}}