{"id":124596,"date":"2019-10-08T22:49:46","date_gmt":"2019-10-09T01:49:46","guid":{"rendered":"http:\/\/www.caririemacao.com\/1\/?p=124596"},"modified":"2019-10-08T22:49:46","modified_gmt":"2019-10-09T01:49:46","slug":"encontro-de-sandro-moco-com-joao-azevedo-provoca-ciume-de-aliados-do-governador-em-camalau","status":"publish","type":"post","link":"https:\/\/www.caririemacao.com\/1\/2019\/10\/08\/encontro-de-sandro-moco-com-joao-azevedo-provoca-ciume-de-aliados-do-governador-em-camalau\/","title":{"rendered":"Encontro de Sandro M\u00f4co com Jo\u00e3o Az\u00eavedo provoca ci\u00fame de aliados do governador em Camala\u00fa"},"content":{"rendered":"\n<p>A\nnoite desta ter\u00e7a-feira, dia 08, marca o in\u00edcio de uma grande parceria entre a\nGest\u00e3o do prefeito Sandro M\u00f4co com o governador da Para\u00edba, Jo\u00e3o Azevedo. O encontro\nfoi durante a reuni\u00e3o com a bancada paraibana no Congresso Nacional.<\/p>\n\n\n\n<p>Sandro\nesteve ao lado de senadores e deputados federais, e manteve contato com o\ngovernador Jo\u00e3o Azevedo. Na pauta, trataram de assuntos administrativos.<\/p>\n\n\n\n<p>O prefeito\naproveitou para solicitar uma audi\u00eancia com o governador no Pal\u00e1cio da Reden\u00e7\u00e3o\npara estreitar as parcerias com o munic\u00edpio de Camala\u00fa.<\/p>\n\n\n\n<p>O encontro\nn\u00e3o foi bem visto por alguns aliados do governador Jo\u00e3o Azevedo na cidade de\nCamala\u00fa, j\u00e1 que eles n\u00e3o aceitam uma aproxima\u00e7\u00e3o do prefeito com o governador,\ntalvez&nbsp; com ci\u00fame ou medo de perder\nespa\u00e7o na cidade.<\/p>\n","protected":false},"excerpt":{"rendered":"<p>A noite desta ter\u00e7a-feira, dia 08, marca o in\u00edcio de uma grande parceria entre a Gest\u00e3o do prefeito Sandro M\u00f4co com o governador da Para\u00edba,&hellip; <\/p>\n","protected":false},"author":2,"featured_media":124594,"comment_status":"closed","ping_status":"closed","sticky":false,"template":"","format":"standard","meta":{"sfsi_plus_gutenberg_text_before_share":"","sfsi_plus_gutenberg_show_text_before_share":"","sfsi_plus_gutenberg_icon_type":"","sfsi_plus_gutenberg_icon_alignemt":"","sfsi_plus_gutenburg_max_per_row":"","footnotes":""},"categories":[50,11],"tags":[],"class_list":["post-124596","post","type-post","status-publish","format-standard","has-post-thumbnail","hentry","category-destaque","category-politica"],"_links":{"self":[{"href":"https:\/\/www.caririemacao.com\/1\/wp-json\/wp\/v2\/posts\/124596","targetHints":{"allow":["GET"]}}],"collection":[{"href":"https:\/\/www.caririemacao.com\/1\/wp-json\/wp\/v2\/posts"}],"about":[{"href":"https:\/\/www.caririemacao.com\/1\/wp-json\/wp\/v2\/types\/post"}],"author":[{"embeddable":true,"href":"https:\/\/www.caririemacao.com\/1\/wp-json\/wp\/v2\/users\/2"}],"replies":[{"embeddable":true,"href":"https:\/\/www.caririemacao.com\/1\/wp-json\/wp\/v2\/comments?post=124596"}],"version-history":[{"count":1,"href":"https:\/\/www.caririemacao.com\/1\/wp-json\/wp\/v2\/posts\/124596\/revisions"}],"predecessor-version":[{"id":124597,"href":"https:\/\/www.caririemacao.com\/1\/wp-json\/wp\/v2\/posts\/124596\/revisions\/124597"}],"wp:featuredmedia":[{"embeddable":true,"href":"https:\/\/www.caririemacao.com\/1\/wp-json\/wp\/v2\/media\/124594"}],"wp:attachment":[{"href":"https:\/\/www.caririemacao.com\/1\/wp-json\/wp\/v2\/media?parent=124596"}],"wp:term":[{"taxonomy":"category","embeddable":true,"href":"https:\/\/www.caririemacao.com\/1\/wp-json\/wp\/v2\/categories?post=124596"},{"taxonomy":"post_tag","embeddable":true,"href":"https:\/\/www.caririemacao.com\/1\/wp-json\/wp\/v2\/tags?post=124596"}],"curies":[{"name":"wp","href":"https:\/\/api.w.org\/{rel}","templated":true}]}}