{"id":124598,"date":"2019-10-08T23:13:39","date_gmt":"2019-10-09T02:13:39","guid":{"rendered":"http:\/\/www.caririemacao.com\/1\/?p=124598"},"modified":"2019-10-08T23:13:39","modified_gmt":"2019-10-09T02:13:39","slug":"prefeita-de-ouro-velho-firma-parceria-que-dar-desconto-de-ate-65-na-fatura-de-energia","status":"publish","type":"post","link":"https:\/\/www.caririemacao.com\/1\/2019\/10\/08\/prefeita-de-ouro-velho-firma-parceria-que-dar-desconto-de-ate-65-na-fatura-de-energia\/","title":{"rendered":"Prefeita de Ouro Velho firma parceria que dar desconto de at\u00e9 65% na fatura de energia"},"content":{"rendered":"\n<p>A Prefeita Nat\u00e1lia assinou nesta ter\u00e7a-feira, dia 08, a documenta\u00e7\u00e3o da parceria com a empresa concession\u00e1ria de energia (Energisa), visando um desconto de at\u00e9 65% na fatura de energia dos consumidores do munic\u00edpio de Ouro Velho. <\/p>\n\n\n\n<p>A reuni\u00e3o que marcou o ato de ades\u00e3o da parceria foi na sede da Prefeitura de Ouro Velho e contou com a presen\u00e7a da prefeita Nat\u00e1lia e do seu esposo Dr. J\u00fanior, da assistente administrativa da Energisa, Francislaine, do vereador Val, do secret\u00e1rio de Finan\u00e7as, e da secret\u00e1ria de Assist\u00eancia Social, Aline Lucena.<\/p>\n\n\n\n<figure class=\"wp-block-image\"><img fetchpriority=\"high\" decoding=\"async\" width=\"960\" height=\"720\" src=\"http:\/\/www.caririemacao.com\/1\/wp-content\/uploads\/2019\/10\/WhatsApp-Image-2019-10-08-at-16.37.45-1.jpeg\" alt=\"\" class=\"wp-image-124599\" srcset=\"https:\/\/www.caririemacao.com\/1\/wp-content\/uploads\/2019\/10\/WhatsApp-Image-2019-10-08-at-16.37.45-1.jpeg 960w, https:\/\/www.caririemacao.com\/1\/wp-content\/uploads\/2019\/10\/WhatsApp-Image-2019-10-08-at-16.37.45-1-300x225.jpeg 300w, https:\/\/www.caririemacao.com\/1\/wp-content\/uploads\/2019\/10\/WhatsApp-Image-2019-10-08-at-16.37.45-1-768x576.jpeg 768w\" sizes=\"(max-width: 960px) 100vw, 960px\" \/><\/figure>\n\n\n\n<p>A prefeita informou ao Cariri em A\u00e7\u00e3o que uma reuni\u00e3o ficou\nagendada com a popula\u00e7\u00e3o para o dia 29 de outubro no CRAS, onde haver\u00e1 o\nmutir\u00e3o do cadastramento dos consumidores da Energisa.<\/p>\n","protected":false},"excerpt":{"rendered":"<p>A Prefeita Nat\u00e1lia assinou nesta ter\u00e7a-feira, dia 08, a documenta\u00e7\u00e3o da parceria com a empresa concession\u00e1ria de energia (Energisa), visando um desconto de at\u00e9 65%&hellip; <\/p>\n","protected":false},"author":2,"featured_media":124600,"comment_status":"closed","ping_status":"closed","sticky":false,"template":"","format":"standard","meta":{"sfsi_plus_gutenberg_text_before_share":"","sfsi_plus_gutenberg_show_text_before_share":"","sfsi_plus_gutenberg_icon_type":"","sfsi_plus_gutenberg_icon_alignemt":"","sfsi_plus_gutenburg_max_per_row":"","footnotes":""},"categories":[50,2],"tags":[],"class_list":["post-124598","post","type-post","status-publish","format-standard","has-post-thumbnail","hentry","category-destaque","category-geral"],"_links":{"self":[{"href":"https:\/\/www.caririemacao.com\/1\/wp-json\/wp\/v2\/posts\/124598","targetHints":{"allow":["GET"]}}],"collection":[{"href":"https:\/\/www.caririemacao.com\/1\/wp-json\/wp\/v2\/posts"}],"about":[{"href":"https:\/\/www.caririemacao.com\/1\/wp-json\/wp\/v2\/types\/post"}],"author":[{"embeddable":true,"href":"https:\/\/www.caririemacao.com\/1\/wp-json\/wp\/v2\/users\/2"}],"replies":[{"embeddable":true,"href":"https:\/\/www.caririemacao.com\/1\/wp-json\/wp\/v2\/comments?post=124598"}],"version-history":[{"count":1,"href":"https:\/\/www.caririemacao.com\/1\/wp-json\/wp\/v2\/posts\/124598\/revisions"}],"predecessor-version":[{"id":124601,"href":"https:\/\/www.caririemacao.com\/1\/wp-json\/wp\/v2\/posts\/124598\/revisions\/124601"}],"wp:featuredmedia":[{"embeddable":true,"href":"https:\/\/www.caririemacao.com\/1\/wp-json\/wp\/v2\/media\/124600"}],"wp:attachment":[{"href":"https:\/\/www.caririemacao.com\/1\/wp-json\/wp\/v2\/media?parent=124598"}],"wp:term":[{"taxonomy":"category","embeddable":true,"href":"https:\/\/www.caririemacao.com\/1\/wp-json\/wp\/v2\/categories?post=124598"},{"taxonomy":"post_tag","embeddable":true,"href":"https:\/\/www.caririemacao.com\/1\/wp-json\/wp\/v2\/tags?post=124598"}],"curies":[{"name":"wp","href":"https:\/\/api.w.org\/{rel}","templated":true}]}}