{"id":124603,"date":"2019-10-09T01:07:49","date_gmt":"2019-10-09T04:07:49","guid":{"rendered":"http:\/\/www.caririemacao.com\/1\/?p=124603"},"modified":"2019-10-09T01:07:49","modified_gmt":"2019-10-09T04:07:49","slug":"prefeito-inacio-solicita-operacao-de-patrolamento-e-roco-na-pb-que-liga-o-municipio-de-amparo-a-sume","status":"publish","type":"post","link":"https:\/\/www.caririemacao.com\/1\/2019\/10\/09\/prefeito-inacio-solicita-operacao-de-patrolamento-e-roco-na-pb-que-liga-o-municipio-de-amparo-a-sume\/","title":{"rendered":"Prefeito In\u00e1cio solicita opera\u00e7\u00e3o de patrolamento e ro\u00e7o na PB que liga o munic\u00edpio de Amparo \u00e0 Sum\u00e9"},"content":{"rendered":"\n<p>O prefeito In\u00e1cio N\u00f3brega manteve audi\u00eancia na manh\u00e3 desta\nter\u00e7a-feira (08), com o engenheiro Herbert N\u00f3brega, respons\u00e1vel t\u00e9cnico pela\nsuperintend\u00eancia do DER na regi\u00e3o do Cariri com sede no munic\u00edpio de Sum\u00e9. <\/p>\n\n\n\n<p>Na reuni\u00e3o, o prefeito protocolou of\u00edcio solicitando uma\nopera\u00e7\u00e3o de patrolamento e ro\u00e7o na PB que liga o munic\u00edpio de Amparo \u00e0 Sum\u00e9.<\/p>\n","protected":false},"excerpt":{"rendered":"<p>O prefeito In\u00e1cio N\u00f3brega manteve audi\u00eancia na manh\u00e3 desta ter\u00e7a-feira (08), com o engenheiro Herbert N\u00f3brega, respons\u00e1vel t\u00e9cnico pela superintend\u00eancia do DER na regi\u00e3o do&hellip; <\/p>\n","protected":false},"author":2,"featured_media":124604,"comment_status":"closed","ping_status":"closed","sticky":false,"template":"","format":"standard","meta":{"sfsi_plus_gutenberg_text_before_share":"","sfsi_plus_gutenberg_show_text_before_share":"","sfsi_plus_gutenberg_icon_type":"","sfsi_plus_gutenberg_icon_alignemt":"","sfsi_plus_gutenburg_max_per_row":"","footnotes":""},"categories":[50,11],"tags":[],"class_list":["post-124603","post","type-post","status-publish","format-standard","has-post-thumbnail","hentry","category-destaque","category-politica"],"_links":{"self":[{"href":"https:\/\/www.caririemacao.com\/1\/wp-json\/wp\/v2\/posts\/124603","targetHints":{"allow":["GET"]}}],"collection":[{"href":"https:\/\/www.caririemacao.com\/1\/wp-json\/wp\/v2\/posts"}],"about":[{"href":"https:\/\/www.caririemacao.com\/1\/wp-json\/wp\/v2\/types\/post"}],"author":[{"embeddable":true,"href":"https:\/\/www.caririemacao.com\/1\/wp-json\/wp\/v2\/users\/2"}],"replies":[{"embeddable":true,"href":"https:\/\/www.caririemacao.com\/1\/wp-json\/wp\/v2\/comments?post=124603"}],"version-history":[{"count":1,"href":"https:\/\/www.caririemacao.com\/1\/wp-json\/wp\/v2\/posts\/124603\/revisions"}],"predecessor-version":[{"id":124605,"href":"https:\/\/www.caririemacao.com\/1\/wp-json\/wp\/v2\/posts\/124603\/revisions\/124605"}],"wp:featuredmedia":[{"embeddable":true,"href":"https:\/\/www.caririemacao.com\/1\/wp-json\/wp\/v2\/media\/124604"}],"wp:attachment":[{"href":"https:\/\/www.caririemacao.com\/1\/wp-json\/wp\/v2\/media?parent=124603"}],"wp:term":[{"taxonomy":"category","embeddable":true,"href":"https:\/\/www.caririemacao.com\/1\/wp-json\/wp\/v2\/categories?post=124603"},{"taxonomy":"post_tag","embeddable":true,"href":"https:\/\/www.caririemacao.com\/1\/wp-json\/wp\/v2\/tags?post=124603"}],"curies":[{"name":"wp","href":"https:\/\/api.w.org\/{rel}","templated":true}]}}