{"id":124606,"date":"2019-10-09T01:40:08","date_gmt":"2019-10-09T04:40:08","guid":{"rendered":"http:\/\/www.caririemacao.com\/1\/?p=124606"},"modified":"2019-10-09T01:40:08","modified_gmt":"2019-10-09T04:40:08","slug":"exclusivo-prefeito-paraibano-protocola-renuncia-do-mandato","status":"publish","type":"post","link":"https:\/\/www.caririemacao.com\/1\/2019\/10\/09\/exclusivo-prefeito-paraibano-protocola-renuncia-do-mandato\/","title":{"rendered":"EXCLUSIVO: Prefeito paraibano protocola renuncia do mandato"},"content":{"rendered":"\n<p>O prefeito licenciado do munic\u00edpio de S\u00e3o Jo\u00e3o do Cariri, no\nCariri Paraibano, Cosme Gon\u00e7alves de Farias (DEM), de 63 anos, encaminhou a\nC\u00e2mara de Vereadores uma carta renunciando seu mandato de prefeito.<\/p>\n\n\n\n<p>A carta de ren\u00fancia dever\u00e1 ser lida na pr\u00f3xima reuni\u00e3o da C\u00e2mara de Vereadores do munic\u00edpio, que acontece nesta sexta-feira, dia 11. Cosme est\u00e1 renunciando por quest\u00f5es de sa\u00fade e a decis\u00e3o foi apoiada pela fam\u00edlia.<\/p>\n\n\n\n<figure class=\"wp-block-image\"><img fetchpriority=\"high\" decoding=\"async\" width=\"800\" height=\"532\" src=\"http:\/\/www.caririemacao.com\/1\/wp-content\/uploads\/2019\/10\/DSC_0262.jpg\" alt=\"\" class=\"wp-image-124608\" srcset=\"https:\/\/www.caririemacao.com\/1\/wp-content\/uploads\/2019\/10\/DSC_0262.jpg 800w, https:\/\/www.caririemacao.com\/1\/wp-content\/uploads\/2019\/10\/DSC_0262-300x200.jpg 300w, https:\/\/www.caririemacao.com\/1\/wp-content\/uploads\/2019\/10\/DSC_0262-768x511.jpg 768w\" sizes=\"(max-width: 800px) 100vw, 800px\" \/><\/figure>\n\n\n\n<p>Com a ren\u00fancia, o prefeito interino Helder Trajano assumir\u00e1 de vez a cadeira da Prefeitura de S\u00e3o Jo\u00e3o do Cariri. Essa \u00e9 a segunda vez, em menos de cinco anos, que o vice-prefeito assume a titularidade do mandato de prefeito no munic\u00edpio.<\/p>\n\n\n\n<p>Em 29 de junho de 2015, o ent\u00e3o prefeito de S\u00e3o Jo\u00e3o do Cariri, Walter Marcone Medeiros, tamb\u00e9m de 63 anos, morreu, e o pr\u00f3prio Cosme Gon\u00e7alves assumiu o mandato de prefeito, e foi reeleito em 2016 com 1.781 votos, equivalente a 51,73% dos votos.<\/p>\n\n\n\n<p>Marcone Medeiros, na \u00e9poca estava no seu terceiro mandato e\nse tratando de um c\u00e2ncer e morreu v\u00edtima de uma infec\u00e7\u00e3o generalizada. J\u00e1 o\nprefeito Cosme, estava em seu segundo mandato e sai para cuidar de sua sa\u00fade.<\/p>\n\n\n\n<p>O jovem prefeito interino, Helder Trajano, assumir\u00e1 a\ntitularidade. Helder j\u00e1 foi vereador e presidiu a C\u00e2mara de Vereadores no bi\u00eanio\n2015\/2016. &nbsp;<\/p>\n","protected":false},"excerpt":{"rendered":"<p>O prefeito licenciado do munic\u00edpio de S\u00e3o Jo\u00e3o do Cariri, no Cariri Paraibano, Cosme Gon\u00e7alves de Farias (DEM), de 63 anos, encaminhou a C\u00e2mara de&hellip; <\/p>\n","protected":false},"author":2,"featured_media":124607,"comment_status":"closed","ping_status":"closed","sticky":false,"template":"","format":"standard","meta":{"sfsi_plus_gutenberg_text_before_share":"","sfsi_plus_gutenberg_show_text_before_share":"","sfsi_plus_gutenberg_icon_type":"","sfsi_plus_gutenberg_icon_alignemt":"","sfsi_plus_gutenburg_max_per_row":"","footnotes":""},"categories":[50,11],"tags":[],"class_list":["post-124606","post","type-post","status-publish","format-standard","has-post-thumbnail","hentry","category-destaque","category-politica"],"_links":{"self":[{"href":"https:\/\/www.caririemacao.com\/1\/wp-json\/wp\/v2\/posts\/124606","targetHints":{"allow":["GET"]}}],"collection":[{"href":"https:\/\/www.caririemacao.com\/1\/wp-json\/wp\/v2\/posts"}],"about":[{"href":"https:\/\/www.caririemacao.com\/1\/wp-json\/wp\/v2\/types\/post"}],"author":[{"embeddable":true,"href":"https:\/\/www.caririemacao.com\/1\/wp-json\/wp\/v2\/users\/2"}],"replies":[{"embeddable":true,"href":"https:\/\/www.caririemacao.com\/1\/wp-json\/wp\/v2\/comments?post=124606"}],"version-history":[{"count":1,"href":"https:\/\/www.caririemacao.com\/1\/wp-json\/wp\/v2\/posts\/124606\/revisions"}],"predecessor-version":[{"id":124609,"href":"https:\/\/www.caririemacao.com\/1\/wp-json\/wp\/v2\/posts\/124606\/revisions\/124609"}],"wp:featuredmedia":[{"embeddable":true,"href":"https:\/\/www.caririemacao.com\/1\/wp-json\/wp\/v2\/media\/124607"}],"wp:attachment":[{"href":"https:\/\/www.caririemacao.com\/1\/wp-json\/wp\/v2\/media?parent=124606"}],"wp:term":[{"taxonomy":"category","embeddable":true,"href":"https:\/\/www.caririemacao.com\/1\/wp-json\/wp\/v2\/categories?post=124606"},{"taxonomy":"post_tag","embeddable":true,"href":"https:\/\/www.caririemacao.com\/1\/wp-json\/wp\/v2\/tags?post=124606"}],"curies":[{"name":"wp","href":"https:\/\/api.w.org\/{rel}","templated":true}]}}