{"id":124610,"date":"2019-10-09T06:17:07","date_gmt":"2019-10-09T09:17:07","guid":{"rendered":"http:\/\/www.caririemacao.com\/1\/?p=124610"},"modified":"2019-10-09T06:17:07","modified_gmt":"2019-10-09T09:17:07","slug":"adolescente-e-apreendido-suspeito-de-balear-o-pai-apos-briga-em-feira-na-paraiba","status":"publish","type":"post","link":"https:\/\/www.caririemacao.com\/1\/2019\/10\/09\/adolescente-e-apreendido-suspeito-de-balear-o-pai-apos-briga-em-feira-na-paraiba\/","title":{"rendered":"Adolescente \u00e9 apreendido suspeito de balear o pai ap\u00f3s briga em feira na Para\u00edba"},"content":{"rendered":"\n<p>Um adolescente de 16 anos foi apreendido suspeito de balear o pr\u00f3prio pai com dois tiros ap\u00f3s uma briga entre eles na feira de Pianc\u00f3, na Para\u00edba. O fato aconteceu na tarde desta ter\u00e7a-feira (8), no bairro Pedro Lima.<\/p>\n\n\n\n<p>O homem ferido foi socorrido pelo Samu at\u00e9 o Hospital Wenceslau Lopes, em Pianc\u00f3. A Pol\u00edcia Militar foi acionada e conseguiu apreender o menor suspeito e a arma que estava com ele.<\/p>\n\n\n\n<p>O adolescente foi levado \u00e0 delegacia para prestar depoimento.<\/p>\n","protected":false},"excerpt":{"rendered":"<p>Um adolescente de 16 anos foi apreendido suspeito de balear o pr\u00f3prio pai com dois tiros ap\u00f3s uma briga entre eles na feira de Pianc\u00f3,&hellip; <\/p>\n","protected":false},"author":1,"featured_media":124612,"comment_status":"closed","ping_status":"closed","sticky":false,"template":"","format":"standard","meta":{"sfsi_plus_gutenberg_text_before_share":"","sfsi_plus_gutenberg_show_text_before_share":"","sfsi_plus_gutenberg_icon_type":"","sfsi_plus_gutenberg_icon_alignemt":"","sfsi_plus_gutenburg_max_per_row":"","footnotes":""},"categories":[12],"tags":[],"class_list":["post-124610","post","type-post","status-publish","format-standard","has-post-thumbnail","hentry","category-policia"],"_links":{"self":[{"href":"https:\/\/www.caririemacao.com\/1\/wp-json\/wp\/v2\/posts\/124610","targetHints":{"allow":["GET"]}}],"collection":[{"href":"https:\/\/www.caririemacao.com\/1\/wp-json\/wp\/v2\/posts"}],"about":[{"href":"https:\/\/www.caririemacao.com\/1\/wp-json\/wp\/v2\/types\/post"}],"author":[{"embeddable":true,"href":"https:\/\/www.caririemacao.com\/1\/wp-json\/wp\/v2\/users\/1"}],"replies":[{"embeddable":true,"href":"https:\/\/www.caririemacao.com\/1\/wp-json\/wp\/v2\/comments?post=124610"}],"version-history":[{"count":1,"href":"https:\/\/www.caririemacao.com\/1\/wp-json\/wp\/v2\/posts\/124610\/revisions"}],"predecessor-version":[{"id":124613,"href":"https:\/\/www.caririemacao.com\/1\/wp-json\/wp\/v2\/posts\/124610\/revisions\/124613"}],"wp:featuredmedia":[{"embeddable":true,"href":"https:\/\/www.caririemacao.com\/1\/wp-json\/wp\/v2\/media\/124612"}],"wp:attachment":[{"href":"https:\/\/www.caririemacao.com\/1\/wp-json\/wp\/v2\/media?parent=124610"}],"wp:term":[{"taxonomy":"category","embeddable":true,"href":"https:\/\/www.caririemacao.com\/1\/wp-json\/wp\/v2\/categories?post=124610"},{"taxonomy":"post_tag","embeddable":true,"href":"https:\/\/www.caririemacao.com\/1\/wp-json\/wp\/v2\/tags?post=124610"}],"curies":[{"name":"wp","href":"https:\/\/api.w.org\/{rel}","templated":true}]}}