{"id":124622,"date":"2019-10-09T06:21:20","date_gmt":"2019-10-09T09:21:20","guid":{"rendered":"http:\/\/www.caririemacao.com\/1\/?p=124622"},"modified":"2019-10-09T06:21:20","modified_gmt":"2019-10-09T09:21:20","slug":"trf2-julga-pedido-do-ex-presidente-temer-para-viagem-a-inglaterra","status":"publish","type":"post","link":"https:\/\/www.caririemacao.com\/1\/2019\/10\/09\/trf2-julga-pedido-do-ex-presidente-temer-para-viagem-a-inglaterra\/","title":{"rendered":"TRF2 julga pedido do ex-presidente Temer para viagem \u00e0 Inglaterra"},"content":{"rendered":"\n<p>A 1\u00aa Turma Especializada do Tribunal Regional Federal da 2\u00aa Regi\u00e3o (TRF2) julga nesta quarta-feira (9) o pedido defesa do ex-presidente Michel Temer para que ele viaje para a Inglaterra entre os dias 13 e 18 deste m\u00eas. Temer \u00e9 convidado para participar da sociedade de debates estudantis da The Oxford Union.<\/p>\n\n\n\n<p>O Minist\u00e9rio P\u00fablico Federal (MPF) pediu que o TRF2 casse a liminar que autorizou o ex-presidente Michel Temer, r\u00e9u em duas a\u00e7\u00f5es da Opera\u00e7\u00e3o Lava Jato no Rio de Janeiro, a viajar \u00e0 Inglaterra. A defesa de Temer tinha recorrido contra a decis\u00e3o do juiz Marcelo Bretas, da 7\u00aa Vara Federal Criminal do Rio, que n\u00e3o autorizar a viagem ao exterior.<\/p>\n\n\n\n<p>A decis\u00e3o, no entanto, foi revertida pelo relator do habeas corpus, desembargador Ivan Athi\u00e9, que deu aval \u00e0 viagem. A 1\u00aa Turma do TRF2 julga o m\u00e9rito da a\u00e7\u00e3o e decide se o ex-presidente poder\u00e1 viajar para a palestra na The Oxford Union,&nbsp; uma institui\u00e7\u00e3o de debates estudantis.<\/p>\n\n\n\n<p>Em parecer ao TRF2, o procurador da Rep\u00fablica, Rog\u00e9rio Nascimento escreveu que medidas judiciais como a proibi\u00e7\u00e3o de se ausentar do pa\u00eds e o cadastro do nome no Sistema Nacional de Procurados e Impedidos devem ser impostas de maneira alternativa \u00e0 priva\u00e7\u00e3o total de liberdade, mas est\u00e3o sujeitas sempre aos par\u00e2metros da necessidade e adequa\u00e7\u00e3o. Nesse caso, o MPF n\u00e3o considerou o convite para dar palestra como hip\u00f3tese que permitiria abrir exce\u00e7\u00e3o.<\/p>\n\n\n\n<p>No pedido de cassa\u00e7\u00e3o para a viagem do ex-presidente Temer, o procurador alega que est\u00e1 impl\u00edcito, na decis\u00e3o do Superior Tribunal de Justi\u00e7a (STJ) que substituiu a pris\u00e3o preventiva por medidas cautelares alternativas, o impedimento de viagem do r\u00e9u, com exce\u00e7\u00e3o de um justo motivo, sob pena de tornar sem efeito a medida cautelar. \u201cConvite para ministrar palestra n\u00e3o \u00e9 situa\u00e7\u00e3o de for\u00e7a maior ou necessidade\u201d, escreveu Rog\u00e9rio Nascimento no pedido de suspens\u00e3o da liminar para a viagem de Temer \u00e0 Oxford Union.<\/p>\n","protected":false},"excerpt":{"rendered":"<p>A 1\u00aa Turma Especializada do Tribunal Regional Federal da 2\u00aa Regi\u00e3o (TRF2) julga nesta quarta-feira (9) o pedido defesa do ex-presidente Michel Temer para que&hellip; <\/p>\n","protected":false},"author":1,"featured_media":124624,"comment_status":"closed","ping_status":"closed","sticky":false,"template":"","format":"standard","meta":{"sfsi_plus_gutenberg_text_before_share":"","sfsi_plus_gutenberg_show_text_before_share":"","sfsi_plus_gutenberg_icon_type":"","sfsi_plus_gutenberg_icon_alignemt":"","sfsi_plus_gutenburg_max_per_row":"","footnotes":""},"categories":[2],"tags":[],"class_list":["post-124622","post","type-post","status-publish","format-standard","has-post-thumbnail","hentry","category-geral"],"_links":{"self":[{"href":"https:\/\/www.caririemacao.com\/1\/wp-json\/wp\/v2\/posts\/124622","targetHints":{"allow":["GET"]}}],"collection":[{"href":"https:\/\/www.caririemacao.com\/1\/wp-json\/wp\/v2\/posts"}],"about":[{"href":"https:\/\/www.caririemacao.com\/1\/wp-json\/wp\/v2\/types\/post"}],"author":[{"embeddable":true,"href":"https:\/\/www.caririemacao.com\/1\/wp-json\/wp\/v2\/users\/1"}],"replies":[{"embeddable":true,"href":"https:\/\/www.caririemacao.com\/1\/wp-json\/wp\/v2\/comments?post=124622"}],"version-history":[{"count":1,"href":"https:\/\/www.caririemacao.com\/1\/wp-json\/wp\/v2\/posts\/124622\/revisions"}],"predecessor-version":[{"id":124625,"href":"https:\/\/www.caririemacao.com\/1\/wp-json\/wp\/v2\/posts\/124622\/revisions\/124625"}],"wp:featuredmedia":[{"embeddable":true,"href":"https:\/\/www.caririemacao.com\/1\/wp-json\/wp\/v2\/media\/124624"}],"wp:attachment":[{"href":"https:\/\/www.caririemacao.com\/1\/wp-json\/wp\/v2\/media?parent=124622"}],"wp:term":[{"taxonomy":"category","embeddable":true,"href":"https:\/\/www.caririemacao.com\/1\/wp-json\/wp\/v2\/categories?post=124622"},{"taxonomy":"post_tag","embeddable":true,"href":"https:\/\/www.caririemacao.com\/1\/wp-json\/wp\/v2\/tags?post=124622"}],"curies":[{"name":"wp","href":"https:\/\/api.w.org\/{rel}","templated":true}]}}