{"id":124638,"date":"2019-10-09T06:23:46","date_gmt":"2019-10-09T09:23:46","guid":{"rendered":"http:\/\/www.caririemacao.com\/1\/?p=124638"},"modified":"2019-10-09T06:23:46","modified_gmt":"2019-10-09T09:23:46","slug":"homem-e-condenado-por-agredir-companheira-com-cabo-de-vassoura","status":"publish","type":"post","link":"https:\/\/www.caririemacao.com\/1\/2019\/10\/09\/homem-e-condenado-por-agredir-companheira-com-cabo-de-vassoura\/","title":{"rendered":"Homem \u00e9 condenado por agredir companheira com cabo de vassoura"},"content":{"rendered":"\n<p>Um homem foi condenado a tr\u00eas meses de deten\u00e7\u00e3o, em regime aberto, por agredir a companheira com um cabo de vassoura. A decis\u00e3o foi proferida nesta ter\u00e7a-feira (8), pelo juiz&nbsp; Ramonilson Alves Gomes, da 2\u00aa Vara da Comarca de Patos.<\/p>\n\n\n\n<p>De acordo com os autos, Jos\u00e9 Roberto Pereira de Oliveira agrediu sua esposa com um cabo de vassoura na cabe\u00e7a, causando les\u00f5es que foram identificadas no exame do corpo de delito. A agress\u00e3o ocorreu em 20 de mar\u00e7o de 2017, na resid\u00eancia do casal, no S\u00edtio Serra Preta, Zona Rural de Cacimba de Areia.<\/p>\n\n\n\n<p>A v\u00edtima, em seu depoimento, relatou que, no dia do fato, foi agredida pelo companheiro com o cabo de vassoura que atingiu sua cabe\u00e7a. O pr\u00f3prio acusado confessou ter agredido a v\u00edtima.<\/p>\n\n\n\n<p>O juiz Ramonilson Alves concedeu ao r\u00e9u a suspens\u00e3o condicional da pena pelo prazo de dois anos, mediante as condi\u00e7\u00f5es a serem firmadas no ju\u00edzo das execu\u00e7\u00f5es, especialmente, a participa\u00e7\u00e3o obrigat\u00f3ria no curso sobre viol\u00eancia dom\u00e9stica e familiar contra a mulher na VEP de Patos. \u201cConcedo o direito de recorrer em liberdade. Inexiste motivo para a decreta\u00e7\u00e3o da cust\u00f3dia preventiva\u201d, destacou.<\/p>\n","protected":false},"excerpt":{"rendered":"<p>Um homem foi condenado a tr\u00eas meses de deten\u00e7\u00e3o, em regime aberto, por agredir a companheira com um cabo de vassoura. A decis\u00e3o foi proferida&hellip; <\/p>\n","protected":false},"author":1,"featured_media":104562,"comment_status":"closed","ping_status":"closed","sticky":false,"template":"","format":"standard","meta":{"sfsi_plus_gutenberg_text_before_share":"","sfsi_plus_gutenberg_show_text_before_share":"","sfsi_plus_gutenberg_icon_type":"","sfsi_plus_gutenberg_icon_alignemt":"","sfsi_plus_gutenburg_max_per_row":"","footnotes":""},"categories":[12],"tags":[],"class_list":["post-124638","post","type-post","status-publish","format-standard","has-post-thumbnail","hentry","category-policia"],"_links":{"self":[{"href":"https:\/\/www.caririemacao.com\/1\/wp-json\/wp\/v2\/posts\/124638","targetHints":{"allow":["GET"]}}],"collection":[{"href":"https:\/\/www.caririemacao.com\/1\/wp-json\/wp\/v2\/posts"}],"about":[{"href":"https:\/\/www.caririemacao.com\/1\/wp-json\/wp\/v2\/types\/post"}],"author":[{"embeddable":true,"href":"https:\/\/www.caririemacao.com\/1\/wp-json\/wp\/v2\/users\/1"}],"replies":[{"embeddable":true,"href":"https:\/\/www.caririemacao.com\/1\/wp-json\/wp\/v2\/comments?post=124638"}],"version-history":[{"count":1,"href":"https:\/\/www.caririemacao.com\/1\/wp-json\/wp\/v2\/posts\/124638\/revisions"}],"predecessor-version":[{"id":124640,"href":"https:\/\/www.caririemacao.com\/1\/wp-json\/wp\/v2\/posts\/124638\/revisions\/124640"}],"wp:featuredmedia":[{"embeddable":true,"href":"https:\/\/www.caririemacao.com\/1\/wp-json\/wp\/v2\/media\/104562"}],"wp:attachment":[{"href":"https:\/\/www.caririemacao.com\/1\/wp-json\/wp\/v2\/media?parent=124638"}],"wp:term":[{"taxonomy":"category","embeddable":true,"href":"https:\/\/www.caririemacao.com\/1\/wp-json\/wp\/v2\/categories?post=124638"},{"taxonomy":"post_tag","embeddable":true,"href":"https:\/\/www.caririemacao.com\/1\/wp-json\/wp\/v2\/tags?post=124638"}],"curies":[{"name":"wp","href":"https:\/\/api.w.org\/{rel}","templated":true}]}}