{"id":124663,"date":"2019-10-09T06:28:14","date_gmt":"2019-10-09T09:28:14","guid":{"rendered":"http:\/\/www.caririemacao.com\/1\/?p=124663"},"modified":"2019-10-09T06:28:14","modified_gmt":"2019-10-09T09:28:14","slug":"quintal-de-bolsonaro-tambem-esta-sujo-e-o-filho-dele-diz-deputado-lider-do-psl","status":"publish","type":"post","link":"https:\/\/www.caririemacao.com\/1\/2019\/10\/09\/quintal-de-bolsonaro-tambem-esta-sujo-e-o-filho-dele-diz-deputado-lider-do-psl\/","title":{"rendered":"Quintal de Bolsonaro tamb\u00e9m est\u00e1 sujo. E o filho dele?\u2019, diz deputado l\u00edder do PSL"},"content":{"rendered":"\n<p>O l\u00edder do PSL na C\u00e2mara, Delegado Waldir, rebateu Jair Bolsonaro, que aconselhou a um apoiador que esquecesse seu partido.<\/p>\n\n\n\n<p>&#8220;Como voc\u00ea fala do quintal alheio se o seu quintal est\u00e1 sujo? As candidaturas em Minas Gerais e Pernambuco est\u00e3o sendo investigadas. Mas o filho do presidente tamb\u00e9m&#8221;, afirmou Waldir.<\/p>\n\n\n\n<p>O deputado lembrou que dois filhos de Bolsonaro, Fl\u00e1vio e Eduardo, chefiam os dois principais diret\u00f3rios da sigla no pa\u00eds e se disse &#8220;surpreso&#8221; com a &#8220;inseguran\u00e7a&#8221; do presidente.&nbsp;<\/p>\n\n\n\n<p>E avisou:<\/p>\n\n\n\n<p>&#8220;Bolsonaro n\u00e3o est\u00e1 algemado no PSL, n\u00e3o. Aqui n\u00e3o tem ningu\u00e9m amarrado. Candidatos majorit\u00e1rios, como o presidente, governadores e senadores, t\u00eam liberdade para trocar de partido quando quiserem.&#8221;<\/p>\n","protected":false},"excerpt":{"rendered":"<p>O l\u00edder do PSL na C\u00e2mara, Delegado Waldir, rebateu Jair Bolsonaro, que aconselhou a um apoiador que esquecesse seu partido. &#8220;Como voc\u00ea fala do quintal&hellip; <\/p>\n","protected":false},"author":1,"featured_media":124665,"comment_status":"closed","ping_status":"closed","sticky":false,"template":"","format":"standard","meta":{"sfsi_plus_gutenberg_text_before_share":"","sfsi_plus_gutenberg_show_text_before_share":"","sfsi_plus_gutenberg_icon_type":"","sfsi_plus_gutenberg_icon_alignemt":"","sfsi_plus_gutenburg_max_per_row":"","footnotes":""},"categories":[11],"tags":[],"class_list":["post-124663","post","type-post","status-publish","format-standard","has-post-thumbnail","hentry","category-politica"],"_links":{"self":[{"href":"https:\/\/www.caririemacao.com\/1\/wp-json\/wp\/v2\/posts\/124663","targetHints":{"allow":["GET"]}}],"collection":[{"href":"https:\/\/www.caririemacao.com\/1\/wp-json\/wp\/v2\/posts"}],"about":[{"href":"https:\/\/www.caririemacao.com\/1\/wp-json\/wp\/v2\/types\/post"}],"author":[{"embeddable":true,"href":"https:\/\/www.caririemacao.com\/1\/wp-json\/wp\/v2\/users\/1"}],"replies":[{"embeddable":true,"href":"https:\/\/www.caririemacao.com\/1\/wp-json\/wp\/v2\/comments?post=124663"}],"version-history":[{"count":1,"href":"https:\/\/www.caririemacao.com\/1\/wp-json\/wp\/v2\/posts\/124663\/revisions"}],"predecessor-version":[{"id":124666,"href":"https:\/\/www.caririemacao.com\/1\/wp-json\/wp\/v2\/posts\/124663\/revisions\/124666"}],"wp:featuredmedia":[{"embeddable":true,"href":"https:\/\/www.caririemacao.com\/1\/wp-json\/wp\/v2\/media\/124665"}],"wp:attachment":[{"href":"https:\/\/www.caririemacao.com\/1\/wp-json\/wp\/v2\/media?parent=124663"}],"wp:term":[{"taxonomy":"category","embeddable":true,"href":"https:\/\/www.caririemacao.com\/1\/wp-json\/wp\/v2\/categories?post=124663"},{"taxonomy":"post_tag","embeddable":true,"href":"https:\/\/www.caririemacao.com\/1\/wp-json\/wp\/v2\/tags?post=124663"}],"curies":[{"name":"wp","href":"https:\/\/api.w.org\/{rel}","templated":true}]}}