{"id":124681,"date":"2019-10-09T06:32:16","date_gmt":"2019-10-09T09:32:16","guid":{"rendered":"http:\/\/www.caririemacao.com\/1\/?p=124681"},"modified":"2019-10-09T06:32:16","modified_gmt":"2019-10-09T09:32:16","slug":"eleicoes-de-2018-tiveram-disparo-massivo-e-ilegal-de-mensagens-confirma-whatsapp","status":"publish","type":"post","link":"https:\/\/www.caririemacao.com\/1\/2019\/10\/09\/eleicoes-de-2018-tiveram-disparo-massivo-e-ilegal-de-mensagens-confirma-whatsapp\/","title":{"rendered":"Elei\u00e7\u00f5es de 2018 tiveram disparo massivo e ilegal de mensagens, confirma WhatsApp"},"content":{"rendered":"\n<p>Pela primeira vez, um representante do mensageiro WhatsApp confirmou que o aplicativo foi utilizado como ferramenta de campanha eleitoral no Brasil por meio do envio massivo e ilegal de recados, a partir de sistemas de disparo feitos por empresas especializadas.<\/p>\n\n\n\n<p>Quem admitiu o uso foi o gerente de pol\u00edticas p\u00fablicas e elei\u00e7\u00f5es globais do app, Ben Supple, durante uma palestra no Festival Gabo, que acontece no in\u00edcio de outubro na Col\u00f4mbia.&nbsp;<\/p>\n\n\n\n<p>\u201cNa elei\u00e7\u00e3o brasileira do ano passado houve a atua\u00e7\u00e3o de empresas fornecedoras de envios massivos de mensagens, que violaram nossos termos de uso para atingir um grande n\u00famero de pessoas\u201d, explica o executivo, entrevistado pelo jornal Folha de S\u00e3o Paulo.<\/p>\n\n\n\n<p>Segundo Supple, as maiores cr\u00edticas devem ser direcionadas aos grupos do mensageiro acessados por meio de links que s\u00e3o compartilhados nas redes sociais. Nesses chats, que ele chama de &#8220;tabloides sensacionalistas&#8221;, as mensagens mais comuns seriam pol\u00eamicas e problem\u00e1ticas, sem compromisso com a informa\u00e7\u00e3o. \u201cNossa vis\u00e3o \u00e9: n\u00e3o entre nesses grupos grandes, com gente que voc\u00ea n\u00e3o conhece: saia desses grupos e os denuncie&#8221;, diz o gerente.<\/p>\n\n\n\n<p><strong>N\u00e3o viola as regras?<\/strong><\/p>\n\n\n\n<p>Supple ainda foi questionado sobre a poss\u00edvel ilegalidade desses conte\u00fados pol\u00edticos em momentos de campanha \u2014 e negou que qualquer atividade partid\u00e1ria seja crime, a n\u00e3o ser que alguma regra seja descumprida, como a automa\u00e7\u00e3o e o envio massivo de recados.&nbsp;<\/p>\n\n\n\n<p>&#8220;Todos est\u00e3o sujeitos aos mesmos crit\u00e9rios, n\u00e3o importa se quem usa \u00e9 um candidato \u00e0 Presid\u00eancia ou um campon\u00eas do interior da \u00cdndia&#8221;, completa.<\/p>\n\n\n\n<p>O gerente afirmou que o WhatsApp j\u00e1 esperava dificuldades de controlar os conte\u00fados nas elei\u00e7\u00f5es brasileiras, j\u00e1 que o pa\u00eds transformou o mensageiro em fonte de informa\u00e7\u00e3o.<\/p>\n\n\n\n<p>As primeiras den\u00fancias a respeito do caso foram realizadas pela pr\u00f3pria Folha de S\u00e3o Paulo em outubro de 2018, acusando empres\u00e1rios de bancar o envio massivo de mensagens a favor do ent\u00e3o candidato Jair Bolsonaro. Posteriormente, o UOL mostrou que o PT tamb\u00e9m utilizou sistemas similares. A &#8220;CPI das Fake News&#8221;, rec\u00e9m instaurada no Senado, pretende investigar mais a respeito do caso.<\/p>\n","protected":false},"excerpt":{"rendered":"<p>Pela primeira vez, um representante do mensageiro WhatsApp confirmou que o aplicativo foi utilizado como ferramenta de campanha eleitoral no Brasil por meio do envio&hellip; <\/p>\n","protected":false},"author":1,"featured_media":124683,"comment_status":"closed","ping_status":"closed","sticky":false,"template":"","format":"standard","meta":{"sfsi_plus_gutenberg_text_before_share":"","sfsi_plus_gutenberg_show_text_before_share":"","sfsi_plus_gutenberg_icon_type":"","sfsi_plus_gutenberg_icon_alignemt":"","sfsi_plus_gutenburg_max_per_row":"","footnotes":""},"categories":[2],"tags":[],"class_list":["post-124681","post","type-post","status-publish","format-standard","has-post-thumbnail","hentry","category-geral"],"_links":{"self":[{"href":"https:\/\/www.caririemacao.com\/1\/wp-json\/wp\/v2\/posts\/124681","targetHints":{"allow":["GET"]}}],"collection":[{"href":"https:\/\/www.caririemacao.com\/1\/wp-json\/wp\/v2\/posts"}],"about":[{"href":"https:\/\/www.caririemacao.com\/1\/wp-json\/wp\/v2\/types\/post"}],"author":[{"embeddable":true,"href":"https:\/\/www.caririemacao.com\/1\/wp-json\/wp\/v2\/users\/1"}],"replies":[{"embeddable":true,"href":"https:\/\/www.caririemacao.com\/1\/wp-json\/wp\/v2\/comments?post=124681"}],"version-history":[{"count":1,"href":"https:\/\/www.caririemacao.com\/1\/wp-json\/wp\/v2\/posts\/124681\/revisions"}],"predecessor-version":[{"id":124684,"href":"https:\/\/www.caririemacao.com\/1\/wp-json\/wp\/v2\/posts\/124681\/revisions\/124684"}],"wp:featuredmedia":[{"embeddable":true,"href":"https:\/\/www.caririemacao.com\/1\/wp-json\/wp\/v2\/media\/124683"}],"wp:attachment":[{"href":"https:\/\/www.caririemacao.com\/1\/wp-json\/wp\/v2\/media?parent=124681"}],"wp:term":[{"taxonomy":"category","embeddable":true,"href":"https:\/\/www.caririemacao.com\/1\/wp-json\/wp\/v2\/categories?post=124681"},{"taxonomy":"post_tag","embeddable":true,"href":"https:\/\/www.caririemacao.com\/1\/wp-json\/wp\/v2\/tags?post=124681"}],"curies":[{"name":"wp","href":"https:\/\/api.w.org\/{rel}","templated":true}]}}