{"id":124689,"date":"2019-10-09T06:35:00","date_gmt":"2019-10-09T09:35:00","guid":{"rendered":"http:\/\/www.caririemacao.com\/1\/?p=124689"},"modified":"2019-10-09T06:35:00","modified_gmt":"2019-10-09T09:35:00","slug":"usuarios-do-instagram-nao-visualizarao-mais-as-curtidas-de-amigos","status":"publish","type":"post","link":"https:\/\/www.caririemacao.com\/1\/2019\/10\/09\/usuarios-do-instagram-nao-visualizarao-mais-as-curtidas-de-amigos\/","title":{"rendered":"Usu\u00e1rios do Instagram n\u00e3o visualizar\u00e3o mais as curtidas de amigos"},"content":{"rendered":"\n<p>&nbsp;O Instagram, rede social de fotos do Facebook, eliminou a aba \u201cseguindo\u201d, que mostra o que os contatos da rede social est\u00e3o curtindo em tempo real. A atualiza\u00e7\u00e3o come\u00e7ou a aparecer a usu\u00e1rios na segunda-feira (7).<\/p>\n\n\n\n<p>Essa \u00e1rea fica ao lado da aba \u201cvoc\u00ea\u201d, que exibe quem interage diretamente com a conta.<\/p>\n\n\n\n<p>Vishal Shah, gerente de produto do Instagram, afirmou ao BuzzFeed que a ferramenta n\u00e3o era frequentemente usada pelas pessoas e que a empresa suspeitava que muitos usu\u00e1rios n\u00e3o a conheciam.<\/p>\n\n\n\n<p>\u201cAs pessoas nem sempre sabem que a atividade delas \u00e9 mostrada\u201d, disse a executiva.<\/p>\n\n\n\n<p>Al\u00e9m disso, a fun\u00e7\u00e3o causava problemas relacionados \u00e0 privacidade de alguns usu\u00e1rios, que se surpreendiam ao saber que as intera\u00e7\u00f5es com fotos alheias eram exibidas a outros contatos.<\/p>\n\n\n\n<p>Al\u00e9m da exclus\u00e3o do recurso, o Facebook anunciou recentemente uma aplica\u00e7\u00e3o chamada Threads, plataforma de conversa externa do Instagram, assim como o Messenger do Facebook.<\/p>\n\n\n\n<p>O app \u00e9 voltado para manter os usu\u00e1rios conectados com pequenos grupos de amigos, numa tentativa de rivalizar com o Snapchat. O Instagram tem cerca de 1 bilh\u00e3o de usu\u00e1rios.<\/p>\n","protected":false},"excerpt":{"rendered":"<p>&nbsp;O Instagram, rede social de fotos do Facebook, eliminou a aba \u201cseguindo\u201d, que mostra o que os contatos da rede social est\u00e3o curtindo em tempo&hellip; <\/p>\n","protected":false},"author":1,"featured_media":105210,"comment_status":"closed","ping_status":"closed","sticky":false,"template":"","format":"standard","meta":{"sfsi_plus_gutenberg_text_before_share":"","sfsi_plus_gutenberg_show_text_before_share":"","sfsi_plus_gutenberg_icon_type":"","sfsi_plus_gutenberg_icon_alignemt":"","sfsi_plus_gutenburg_max_per_row":"","footnotes":""},"categories":[2],"tags":[],"class_list":["post-124689","post","type-post","status-publish","format-standard","has-post-thumbnail","hentry","category-geral"],"_links":{"self":[{"href":"https:\/\/www.caririemacao.com\/1\/wp-json\/wp\/v2\/posts\/124689","targetHints":{"allow":["GET"]}}],"collection":[{"href":"https:\/\/www.caririemacao.com\/1\/wp-json\/wp\/v2\/posts"}],"about":[{"href":"https:\/\/www.caririemacao.com\/1\/wp-json\/wp\/v2\/types\/post"}],"author":[{"embeddable":true,"href":"https:\/\/www.caririemacao.com\/1\/wp-json\/wp\/v2\/users\/1"}],"replies":[{"embeddable":true,"href":"https:\/\/www.caririemacao.com\/1\/wp-json\/wp\/v2\/comments?post=124689"}],"version-history":[{"count":1,"href":"https:\/\/www.caririemacao.com\/1\/wp-json\/wp\/v2\/posts\/124689\/revisions"}],"predecessor-version":[{"id":124691,"href":"https:\/\/www.caririemacao.com\/1\/wp-json\/wp\/v2\/posts\/124689\/revisions\/124691"}],"wp:featuredmedia":[{"embeddable":true,"href":"https:\/\/www.caririemacao.com\/1\/wp-json\/wp\/v2\/media\/105210"}],"wp:attachment":[{"href":"https:\/\/www.caririemacao.com\/1\/wp-json\/wp\/v2\/media?parent=124689"}],"wp:term":[{"taxonomy":"category","embeddable":true,"href":"https:\/\/www.caririemacao.com\/1\/wp-json\/wp\/v2\/categories?post=124689"},{"taxonomy":"post_tag","embeddable":true,"href":"https:\/\/www.caririemacao.com\/1\/wp-json\/wp\/v2\/tags?post=124689"}],"curies":[{"name":"wp","href":"https:\/\/api.w.org\/{rel}","templated":true}]}}