{"id":124701,"date":"2019-10-09T06:38:48","date_gmt":"2019-10-09T09:38:48","guid":{"rendered":"http:\/\/www.caririemacao.com\/1\/?p=124701"},"modified":"2019-10-09T06:38:48","modified_gmt":"2019-10-09T09:38:48","slug":"bolsonaro-sobre-o-presidente-do-psl-o-cara-ta-queimado-para-caramba","status":"publish","type":"post","link":"https:\/\/www.caririemacao.com\/1\/2019\/10\/09\/bolsonaro-sobre-o-presidente-do-psl-o-cara-ta-queimado-para-caramba\/","title":{"rendered":"Bolsonaro sobre o presidente do PSL: \u201cO cara t\u00e1 queimado para caramba\u201d"},"content":{"rendered":"\n<p>O presidente Jair Bolsonaro (PSL) pediu a um apoiador para esquecer o PSL e criticou o comandante nacional do partido, deputado Luciano Bivar (PE), que estaria \u201cqueimado para caramba\u201d.<\/p>\n\n\n\n<p>\u201cEsquece o PSL, esquece o PSL, t\u00e1 ok?\u201d, cochichou Bolsonaro no ouvido do apoiador que o esperava&nbsp;nesta ter\u00e7a-feira (8)&nbsp;na porta do Pal\u00e1cio da Alvorada para gravar um v\u00eddeo.<\/p>\n\n\n\n<p>Um jovem se aproximou do presidente com um celular para fazer um v\u00eddeo e disse: \u201cEu sou do Recife, pr\u00e9-candidato do PSL\u201d. Bolsonaro pede ent\u00e3o que ele esque\u00e7a a legenda, mas o apoiador insiste. \u201cEu, Bolsonaro e Bivar juntos por um novo Recife, a\u00ea!\u201d, grita o jovem, enquanto registra a cena com um celular em posi\u00e7\u00e3o de selfie.<\/p>\n\n\n\n<p>Ao perceber que foi gravado, o presidente ent\u00e3o pede que a imagem n\u00e3o seja divulgada. \u201cOh cara, n\u00e3o divulga isso n\u00e3o, p\u00f4. O cara t\u00e1 queimado para caramba l\u00e1. Vai queimar o meu filme tamb\u00e9m. Esquece esse cara, esquece o partido\u201d, afirmou.<\/p>\n\n\n\n<p>Em seguida, os apoiadores que cercavam o presidente recomendaram que o v\u00eddeo fosse apagado. Poucos segundos depois, o mesmo jovem refez o v\u00eddeo, suprimindo nome do presidente do PSL, Luciano Bivar, e do partido. \u201cViva o Recife, eu e Bolsonaro\u201d, diz.<\/p>\n\n\n\n<p>A fala do presidente na manh\u00e3 desta ter\u00e7a contrasta com o discurso do governo sobre sua perman\u00eancia no PSL. O partido enfrenta uma crise desde que foi atingido por suspeitas de candidaturas de laranjas, caso revelado pela Folha de S.Paulo&nbsp;em fevereiro e que j\u00e1 resultou na queda do ex-chefe da Secretaria-Geral Gustavo Bebianno.<\/p>\n\n\n\n<p>Entre os suspeitos de irregularidades est\u00e3o Bivar e o ministro do Turismo, Marcelo \u00c1lvaro Ant\u00f4nio. \u201cN\u00e3o h\u00e1, da parte do presidente, agora, nenhuma formula\u00e7\u00e3o com rela\u00e7\u00e3o a uma suposta transi\u00e7\u00e3o do partido\u201d, afirmou o porta-voz da Presid\u00eancia, Ot\u00e1vio R\u00eago Barros, na segunda-feira&nbsp;(7).<\/p>\n\n\n\n<p>Em fevereiro a Folha revelou que o hoje ministro do Turismo de Bolsonaro patrocinou em 2018, quando era presidente do PSL-MG e candidato a deputado federal, o desvio de verbas p\u00fablicas do partido por meio de quatro candidatas laranjas do interior de Minas.<\/p>\n\n\n\n<p>Apesar de figurarem no topo das que nacionalmente mais receberam dinheiro p\u00fablico do PSL, R$ 279 mil, as quatro n\u00e3o apresentaram sinais evidentes de que tenham realizado campanha e, ao final, reuniram, juntas, apenas 2.074 votos.<\/p>\n\n\n\n<p>Parte dos recursos que \u00c1lvaro Ant\u00f4nio direcionou a elas, como presidente estadual da sigla, foi parar em empresas ligadas a assessores e ex-assessores de seu gabinete na C\u00e2mara.<\/p>\n\n\n\n<p>O ministro&nbsp;foi indiciado pela Pol\u00edcia Federal e denunciado&nbsp;pelo Minist\u00e9rio P\u00fablico de Minas&nbsp;nas apura\u00e7\u00f5es das candidaturas laranjas do PSL sob a acusa\u00e7\u00e3o de tr\u00eas crimes.<\/p>\n\n\n\n<p>Al\u00e9m de Minas, a Folha revelou a exist\u00eancia do esquema tamb\u00e9m em Pernambuco, terra do presidente nacional da legenda de Bolsonaro, o deputado federal Luciano Bivar<\/p>\n","protected":false},"excerpt":{"rendered":"<p>O presidente Jair Bolsonaro (PSL) pediu a um apoiador para esquecer o PSL e criticou o comandante nacional do partido, deputado Luciano Bivar (PE), que&hellip; <\/p>\n","protected":false},"author":1,"featured_media":110902,"comment_status":"closed","ping_status":"closed","sticky":false,"template":"","format":"standard","meta":{"sfsi_plus_gutenberg_text_before_share":"","sfsi_plus_gutenberg_show_text_before_share":"","sfsi_plus_gutenberg_icon_type":"","sfsi_plus_gutenberg_icon_alignemt":"","sfsi_plus_gutenburg_max_per_row":"","footnotes":""},"categories":[11],"tags":[],"class_list":["post-124701","post","type-post","status-publish","format-standard","has-post-thumbnail","hentry","category-politica"],"_links":{"self":[{"href":"https:\/\/www.caririemacao.com\/1\/wp-json\/wp\/v2\/posts\/124701","targetHints":{"allow":["GET"]}}],"collection":[{"href":"https:\/\/www.caririemacao.com\/1\/wp-json\/wp\/v2\/posts"}],"about":[{"href":"https:\/\/www.caririemacao.com\/1\/wp-json\/wp\/v2\/types\/post"}],"author":[{"embeddable":true,"href":"https:\/\/www.caririemacao.com\/1\/wp-json\/wp\/v2\/users\/1"}],"replies":[{"embeddable":true,"href":"https:\/\/www.caririemacao.com\/1\/wp-json\/wp\/v2\/comments?post=124701"}],"version-history":[{"count":1,"href":"https:\/\/www.caririemacao.com\/1\/wp-json\/wp\/v2\/posts\/124701\/revisions"}],"predecessor-version":[{"id":124702,"href":"https:\/\/www.caririemacao.com\/1\/wp-json\/wp\/v2\/posts\/124701\/revisions\/124702"}],"wp:featuredmedia":[{"embeddable":true,"href":"https:\/\/www.caririemacao.com\/1\/wp-json\/wp\/v2\/media\/110902"}],"wp:attachment":[{"href":"https:\/\/www.caririemacao.com\/1\/wp-json\/wp\/v2\/media?parent=124701"}],"wp:term":[{"taxonomy":"category","embeddable":true,"href":"https:\/\/www.caririemacao.com\/1\/wp-json\/wp\/v2\/categories?post=124701"},{"taxonomy":"post_tag","embeddable":true,"href":"https:\/\/www.caririemacao.com\/1\/wp-json\/wp\/v2\/tags?post=124701"}],"curies":[{"name":"wp","href":"https:\/\/api.w.org\/{rel}","templated":true}]}}