{"id":124711,"date":"2019-10-09T06:41:03","date_gmt":"2019-10-09T09:41:03","guid":{"rendered":"http:\/\/www.caririemacao.com\/1\/?p=124711"},"modified":"2019-10-09T06:41:03","modified_gmt":"2019-10-09T09:41:03","slug":"senador-afirma-que-torce-pela-reaproximacao-entre-joao-azevedo-e-ricardo-coutinho","status":"publish","type":"post","link":"https:\/\/www.caririemacao.com\/1\/2019\/10\/09\/senador-afirma-que-torce-pela-reaproximacao-entre-joao-azevedo-e-ricardo-coutinho\/","title":{"rendered":"Senador afirma que torce pela reaproxima\u00e7\u00e3o entre Jo\u00e3o Azev\u00eado e Ricardo Coutinho"},"content":{"rendered":"\n<p>O senador Veneziano Vital do R\u00eago (PSB) afirmou que acredita que apenas o governador Jo\u00e3o Azev\u00eado (PSB) e o ex-governador Ricardo Coutinho (PSB) podem resolver o&nbsp;<a href=\"https:\/\/paraibaonline.com.br\/2019\/09\/a-crise-do-psb-na-paraiba-em-detalhes-pra-voce-confira\/\">imbr\u00f3glio instalado no PSB.<\/a><\/p>\n\n\n\n<p>Ele destacou, em entrevista \u00e0 R\u00e1dio Caturit\u00e9 FM, que torce para que exista o reatamento entre os dois e citou que os motivos que fizeram dos dois grandes parceiros s\u00e3o muito maiores que qualquer outra coisa que tenha causado o distanciamento.<\/p>\n\n\n\n<p>\u2013 Eu tor\u00e7o por esse reatamento. Eu acho que os motivos que levaram a esse distanciamento entre o governador Jo\u00e3o e o governador Ricardo s\u00e3o motivos bem menores dos que os que fizeram deles grandes amigos \u2013 disse.<\/p>\n\n\n\n<p>Segundo Veneziano, apenas os dois socialistas podem resolver essa quest\u00e3o juntos e frisou que segue na torcida pela retomada da harmonia no partido. Ele ainda citou que est\u00e1 se sentindo em casa e n\u00e3o possui a pretens\u00e3o de deixar a legenda<\/p>\n","protected":false},"excerpt":{"rendered":"<p>O senador Veneziano Vital do R\u00eago (PSB) afirmou que acredita que apenas o governador Jo\u00e3o Azev\u00eado (PSB) e o ex-governador Ricardo Coutinho (PSB) podem resolver&hellip; <\/p>\n","protected":false},"author":1,"featured_media":124713,"comment_status":"closed","ping_status":"closed","sticky":false,"template":"","format":"standard","meta":{"sfsi_plus_gutenberg_text_before_share":"","sfsi_plus_gutenberg_show_text_before_share":"","sfsi_plus_gutenberg_icon_type":"","sfsi_plus_gutenberg_icon_alignemt":"","sfsi_plus_gutenburg_max_per_row":"","footnotes":""},"categories":[11],"tags":[],"class_list":["post-124711","post","type-post","status-publish","format-standard","has-post-thumbnail","hentry","category-politica"],"_links":{"self":[{"href":"https:\/\/www.caririemacao.com\/1\/wp-json\/wp\/v2\/posts\/124711","targetHints":{"allow":["GET"]}}],"collection":[{"href":"https:\/\/www.caririemacao.com\/1\/wp-json\/wp\/v2\/posts"}],"about":[{"href":"https:\/\/www.caririemacao.com\/1\/wp-json\/wp\/v2\/types\/post"}],"author":[{"embeddable":true,"href":"https:\/\/www.caririemacao.com\/1\/wp-json\/wp\/v2\/users\/1"}],"replies":[{"embeddable":true,"href":"https:\/\/www.caririemacao.com\/1\/wp-json\/wp\/v2\/comments?post=124711"}],"version-history":[{"count":1,"href":"https:\/\/www.caririemacao.com\/1\/wp-json\/wp\/v2\/posts\/124711\/revisions"}],"predecessor-version":[{"id":124714,"href":"https:\/\/www.caririemacao.com\/1\/wp-json\/wp\/v2\/posts\/124711\/revisions\/124714"}],"wp:featuredmedia":[{"embeddable":true,"href":"https:\/\/www.caririemacao.com\/1\/wp-json\/wp\/v2\/media\/124713"}],"wp:attachment":[{"href":"https:\/\/www.caririemacao.com\/1\/wp-json\/wp\/v2\/media?parent=124711"}],"wp:term":[{"taxonomy":"category","embeddable":true,"href":"https:\/\/www.caririemacao.com\/1\/wp-json\/wp\/v2\/categories?post=124711"},{"taxonomy":"post_tag","embeddable":true,"href":"https:\/\/www.caririemacao.com\/1\/wp-json\/wp\/v2\/tags?post=124711"}],"curies":[{"name":"wp","href":"https:\/\/api.w.org\/{rel}","templated":true}]}}