{"id":124769,"date":"2019-10-09T08:36:40","date_gmt":"2019-10-09T11:36:40","guid":{"rendered":"http:\/\/www.caririemacao.com\/1\/?p=124769"},"modified":"2019-10-09T08:36:40","modified_gmt":"2019-10-09T11:36:40","slug":"eleicoes-2020-prefeita-de-santo-andre-realiza-encontro-com-liderancas-politicas","status":"publish","type":"post","link":"https:\/\/www.caririemacao.com\/1\/2019\/10\/09\/eleicoes-2020-prefeita-de-santo-andre-realiza-encontro-com-liderancas-politicas\/","title":{"rendered":"Elei\u00e7\u00f5es 2020: prefeita de Santo Andr\u00e9 realiza encontro com lideran\u00e7as pol\u00edticas"},"content":{"rendered":"\n<p>A prefeita de Santo Andr\u00e9, Silvana Marinho pretende chegar em 2020, ano eleitoral, com um grupo afinado e definido. Na noite desta ter\u00e7a-feira (8), fora do expediente administrativo, Silvana reuniu pretensos candidatos ao cargo de vereador e lideran\u00e7as pol\u00edticas na casa do correligion\u00e1rio Chico Grig\u00f3rio, no s\u00edtio Pau Ca\u00eddo, para iniciar as discuss\u00f5es sobre pleito do pr\u00f3ximo ano.<\/p>\n\n\n\n<p>Silvana participou do evento ao lado de v\u00e1rias lideran\u00e7as da cidade e do prov\u00e1vel candidato a prefeito do grupo, Edgley Amorim.<\/p>\n","protected":false},"excerpt":{"rendered":"<p>A prefeita de Santo Andr\u00e9, Silvana Marinho pretende chegar em 2020, ano eleitoral, com um grupo afinado e definido. Na noite desta ter\u00e7a-feira (8), fora&hellip; <\/p>\n","protected":false},"author":1,"featured_media":124771,"comment_status":"closed","ping_status":"closed","sticky":false,"template":"","format":"standard","meta":{"sfsi_plus_gutenberg_text_before_share":"","sfsi_plus_gutenberg_show_text_before_share":"","sfsi_plus_gutenberg_icon_type":"","sfsi_plus_gutenberg_icon_alignemt":"","sfsi_plus_gutenburg_max_per_row":"","footnotes":""},"categories":[11],"tags":[],"class_list":["post-124769","post","type-post","status-publish","format-standard","has-post-thumbnail","hentry","category-politica"],"_links":{"self":[{"href":"https:\/\/www.caririemacao.com\/1\/wp-json\/wp\/v2\/posts\/124769","targetHints":{"allow":["GET"]}}],"collection":[{"href":"https:\/\/www.caririemacao.com\/1\/wp-json\/wp\/v2\/posts"}],"about":[{"href":"https:\/\/www.caririemacao.com\/1\/wp-json\/wp\/v2\/types\/post"}],"author":[{"embeddable":true,"href":"https:\/\/www.caririemacao.com\/1\/wp-json\/wp\/v2\/users\/1"}],"replies":[{"embeddable":true,"href":"https:\/\/www.caririemacao.com\/1\/wp-json\/wp\/v2\/comments?post=124769"}],"version-history":[{"count":1,"href":"https:\/\/www.caririemacao.com\/1\/wp-json\/wp\/v2\/posts\/124769\/revisions"}],"predecessor-version":[{"id":124772,"href":"https:\/\/www.caririemacao.com\/1\/wp-json\/wp\/v2\/posts\/124769\/revisions\/124772"}],"wp:featuredmedia":[{"embeddable":true,"href":"https:\/\/www.caririemacao.com\/1\/wp-json\/wp\/v2\/media\/124771"}],"wp:attachment":[{"href":"https:\/\/www.caririemacao.com\/1\/wp-json\/wp\/v2\/media?parent=124769"}],"wp:term":[{"taxonomy":"category","embeddable":true,"href":"https:\/\/www.caririemacao.com\/1\/wp-json\/wp\/v2\/categories?post=124769"},{"taxonomy":"post_tag","embeddable":true,"href":"https:\/\/www.caririemacao.com\/1\/wp-json\/wp\/v2\/tags?post=124769"}],"curies":[{"name":"wp","href":"https:\/\/api.w.org\/{rel}","templated":true}]}}