{"id":124781,"date":"2019-10-09T08:40:34","date_gmt":"2019-10-09T11:40:34","guid":{"rendered":"http:\/\/www.caririemacao.com\/1\/?p=124781"},"modified":"2019-10-09T08:40:34","modified_gmt":"2019-10-09T11:40:34","slug":"venezuela-denuncia-nova-violacao-do-espaco-aereo-por-aviao-dos-eua","status":"publish","type":"post","link":"https:\/\/www.caririemacao.com\/1\/2019\/10\/09\/venezuela-denuncia-nova-violacao-do-espaco-aereo-por-aviao-dos-eua\/","title":{"rendered":"Venezuela denuncia nova viola\u00e7\u00e3o do espa\u00e7o a\u00e9reo por avi\u00e3o dos EUA"},"content":{"rendered":"\n<p>As autoridades venezuelanas acusaram hoje (9) um avi\u00e3o norte-americano de ter violado o espa\u00e7o a\u00e9reo nacional durante 80 minutos na tarde da \u00faltima ter\u00e7a-feira (8).<\/p>\n\n\n\n<p>&#8220;Foi novamente detectada &#8211; pelos sensores do Comando de Defesa Aeroespacial Integral (Codai) &#8211; uma aeronave dos Estados Unidos, tipo RC135, de intelig\u00eancia (servi\u00e7o secreto) estrat\u00e9gica&#8221;, informou&nbsp; comunicado distribu\u00eddo em Caracas.<\/p>\n\n\n\n<p>No documento, divulgado atrav\u00e9s de uma rede social, o governo venezuelano explicou que a aeronave &#8220;p\u00f4s a seguran\u00e7a das opera\u00e7\u00f5es a\u00e9reas ao norte da Venezuela em risco, ao entrar na Zona de Informa\u00e7\u00e3o de Voo (FIR) de Maiquet\u00eda, sem cumprir os protocolos internacionais&#8221;.<\/p>\n\n\n\n<p>Segundo as autoridades venezuelanas, 35 minutos mais tarde a aeronave deixou de ser vis\u00edvel no radar, depois de ter entrado na FIR de Cura\u00e7ao.<\/p>\n\n\n\n<p>&#8220;Apenas durante este per\u00edodo de 30 dias podemos detectar mais de 54 aeronaves norte-americanas, fazendo explora\u00e7\u00e3o no FIR de Maiquet\u00eda (espa\u00e7o de controlo a\u00e9reo de Maiquet\u00eda) e em outras \u00e1reas&#8221;, disse o comandante-chefe do Comando Estrat\u00e9gico Operacional das For\u00e7as, Rem\u00edgio Ceballos.<\/p>\n","protected":false},"excerpt":{"rendered":"<p>As autoridades venezuelanas acusaram hoje (9) um avi\u00e3o norte-americano de ter violado o espa\u00e7o a\u00e9reo nacional durante 80 minutos na tarde da \u00faltima ter\u00e7a-feira (8).&hellip; <\/p>\n","protected":false},"author":1,"featured_media":111615,"comment_status":"closed","ping_status":"closed","sticky":false,"template":"","format":"standard","meta":{"sfsi_plus_gutenberg_text_before_share":"","sfsi_plus_gutenberg_show_text_before_share":"","sfsi_plus_gutenberg_icon_type":"","sfsi_plus_gutenberg_icon_alignemt":"","sfsi_plus_gutenburg_max_per_row":"","footnotes":""},"categories":[2],"tags":[],"class_list":["post-124781","post","type-post","status-publish","format-standard","has-post-thumbnail","hentry","category-geral"],"_links":{"self":[{"href":"https:\/\/www.caririemacao.com\/1\/wp-json\/wp\/v2\/posts\/124781","targetHints":{"allow":["GET"]}}],"collection":[{"href":"https:\/\/www.caririemacao.com\/1\/wp-json\/wp\/v2\/posts"}],"about":[{"href":"https:\/\/www.caririemacao.com\/1\/wp-json\/wp\/v2\/types\/post"}],"author":[{"embeddable":true,"href":"https:\/\/www.caririemacao.com\/1\/wp-json\/wp\/v2\/users\/1"}],"replies":[{"embeddable":true,"href":"https:\/\/www.caririemacao.com\/1\/wp-json\/wp\/v2\/comments?post=124781"}],"version-history":[{"count":1,"href":"https:\/\/www.caririemacao.com\/1\/wp-json\/wp\/v2\/posts\/124781\/revisions"}],"predecessor-version":[{"id":124783,"href":"https:\/\/www.caririemacao.com\/1\/wp-json\/wp\/v2\/posts\/124781\/revisions\/124783"}],"wp:featuredmedia":[{"embeddable":true,"href":"https:\/\/www.caririemacao.com\/1\/wp-json\/wp\/v2\/media\/111615"}],"wp:attachment":[{"href":"https:\/\/www.caririemacao.com\/1\/wp-json\/wp\/v2\/media?parent=124781"}],"wp:term":[{"taxonomy":"category","embeddable":true,"href":"https:\/\/www.caririemacao.com\/1\/wp-json\/wp\/v2\/categories?post=124781"},{"taxonomy":"post_tag","embeddable":true,"href":"https:\/\/www.caririemacao.com\/1\/wp-json\/wp\/v2\/tags?post=124781"}],"curies":[{"name":"wp","href":"https:\/\/api.w.org\/{rel}","templated":true}]}}