{"id":124808,"date":"2019-10-09T10:34:45","date_gmt":"2019-10-09T13:34:45","guid":{"rendered":"http:\/\/www.caririemacao.com\/1\/?p=124808"},"modified":"2019-10-09T10:34:45","modified_gmt":"2019-10-09T13:34:45","slug":"governo-do-equador-restringe-circulacao-de-pessoas","status":"publish","type":"post","link":"https:\/\/www.caririemacao.com\/1\/2019\/10\/09\/governo-do-equador-restringe-circulacao-de-pessoas\/","title":{"rendered":"Governo do Equador restringe circula\u00e7\u00e3o de pessoas"},"content":{"rendered":"\n<p>O presidente do Equador, Len\u00edn Moreno, assinou decreto restringindo a livre circula\u00e7\u00e3o de pessoas em pontos estrat\u00e9gicos. Assinada tamb\u00e9m pelos ministros Mar\u00eda Paula Romo, de Governo, e Oswaldo Jarr\u00edn, da Defesa, a medida vai vigorar por 30 dias, das 20h \u00e0s 5h.<\/p>\n\n\n\n<p>Maria Paula explicou que o decreto oficializa a transfer\u00eancia da sede do governo de Quito para Guayaquil e define a restri\u00e7\u00e3o de circula\u00e7\u00e3o nas \u00e1reas delimitadas pelas For\u00e7as Armadas.<\/p>\n\n\n\n<p>Um dos objetivos da medida \u00e9 fortalecer o controle em \u00f3rg\u00e3os como a Controloria-Geral do Estado, a Assembleia Nacional, a Corte Nacional e o Conselho de Participa\u00e7\u00e3o Cidad\u00e3.<\/p>\n\n\n\n<p>&#8220;Isso \u00e9 para evitar problemas como os provocados por v\u00e2ndalos na Controladoria. Estamos diferenciando atos de vandalismo e manifesta\u00e7\u00f5es por diferen\u00e7as pol\u00edticas&#8221;, afirmou Maria Paula.<\/p>\n\n\n\n<p>Oswaldo Jarr\u00edn, ministro de Defensa, disse que o decreto estabelece regula\u00e7\u00f5es especiais que protegem diversos \u00f3rg\u00e3o vitais para o pa\u00eds, como aeroportos, pontos de abastecimento de \u00e1gua e refinarias.<\/p>\n","protected":false},"excerpt":{"rendered":"<p>O presidente do Equador, Len\u00edn Moreno, assinou decreto restringindo a livre circula\u00e7\u00e3o de pessoas em pontos estrat\u00e9gicos. Assinada tamb\u00e9m pelos ministros Mar\u00eda Paula Romo, de&hellip; <\/p>\n","protected":false},"author":1,"featured_media":124810,"comment_status":"closed","ping_status":"closed","sticky":false,"template":"","format":"standard","meta":{"sfsi_plus_gutenberg_text_before_share":"","sfsi_plus_gutenberg_show_text_before_share":"","sfsi_plus_gutenberg_icon_type":"","sfsi_plus_gutenberg_icon_alignemt":"","sfsi_plus_gutenburg_max_per_row":"","footnotes":""},"categories":[2],"tags":[],"class_list":["post-124808","post","type-post","status-publish","format-standard","has-post-thumbnail","hentry","category-geral"],"_links":{"self":[{"href":"https:\/\/www.caririemacao.com\/1\/wp-json\/wp\/v2\/posts\/124808","targetHints":{"allow":["GET"]}}],"collection":[{"href":"https:\/\/www.caririemacao.com\/1\/wp-json\/wp\/v2\/posts"}],"about":[{"href":"https:\/\/www.caririemacao.com\/1\/wp-json\/wp\/v2\/types\/post"}],"author":[{"embeddable":true,"href":"https:\/\/www.caririemacao.com\/1\/wp-json\/wp\/v2\/users\/1"}],"replies":[{"embeddable":true,"href":"https:\/\/www.caririemacao.com\/1\/wp-json\/wp\/v2\/comments?post=124808"}],"version-history":[{"count":1,"href":"https:\/\/www.caririemacao.com\/1\/wp-json\/wp\/v2\/posts\/124808\/revisions"}],"predecessor-version":[{"id":124811,"href":"https:\/\/www.caririemacao.com\/1\/wp-json\/wp\/v2\/posts\/124808\/revisions\/124811"}],"wp:featuredmedia":[{"embeddable":true,"href":"https:\/\/www.caririemacao.com\/1\/wp-json\/wp\/v2\/media\/124810"}],"wp:attachment":[{"href":"https:\/\/www.caririemacao.com\/1\/wp-json\/wp\/v2\/media?parent=124808"}],"wp:term":[{"taxonomy":"category","embeddable":true,"href":"https:\/\/www.caririemacao.com\/1\/wp-json\/wp\/v2\/categories?post=124808"},{"taxonomy":"post_tag","embeddable":true,"href":"https:\/\/www.caririemacao.com\/1\/wp-json\/wp\/v2\/tags?post=124808"}],"curies":[{"name":"wp","href":"https:\/\/api.w.org\/{rel}","templated":true}]}}