{"id":124818,"date":"2019-10-09T10:39:07","date_gmt":"2019-10-09T13:39:07","guid":{"rendered":"http:\/\/www.caririemacao.com\/1\/?p=124818"},"modified":"2019-10-09T10:39:07","modified_gmt":"2019-10-09T13:39:07","slug":"tragedia-em-solanea-vereador-perde-segundo-filho-durante-incendio-em-fabrica-clandestina","status":"publish","type":"post","link":"https:\/\/www.caririemacao.com\/1\/2019\/10\/09\/tragedia-em-solanea-vereador-perde-segundo-filho-durante-incendio-em-fabrica-clandestina\/","title":{"rendered":"Trag\u00e9dia em Sol\u00e2nea: Vereador perde segundo filho durante inc\u00eandio em f\u00e1brica clandestina"},"content":{"rendered":"\n<p>Um inc\u00eandio destruiu uma&nbsp;<a href=\"https:\/\/www.clickpb.com.br\/Policial\/fabrica-clandestina-de-fogos-de-artificio-explode-em-solanea-e-adolescente-morre-269408.html\">f\u00e1brica clandestina de fogos de artif\u00edcio<\/a>s, na tarde desta ter\u00e7a-feira (8), em Sol\u00e2nea, na Para\u00edba. No inc\u00eandio, o adolescente Joalaaf Kaike de Moura, de 15 anos,&nbsp;<a href=\"https:\/\/www.clickpb.com.br\/Policial\/adolescente-foi-arremessado-50-metros-pela-explosao-em-fabrica-de-fogos-de-artificio-diz-policia-civil-269429.html\">foi arremessado a uma dist\u00e2ncia de 50 metros<\/a>&nbsp;e morreu no local.<\/p>\n\n\n\n<p>Ele era filho do vereador Josu\u00e9 Pereira conhecido por Zu\u00e9, propriet\u00e1rio da f\u00e1brica. Joalaaf \u00e9 o segundo filho do vereador que morre em um inc\u00eandio em f\u00e1brica de fogos. O outro inc\u00eandio aconteceu a cerca de 10 anos e vitimou um outro filho de Zu\u00e9, que na \u00e9poca tamb\u00e9m tinha 15 anos e um irm\u00e3o do vereador.<br><\/p>\n\n\n\n<p>O vereador e um funcion\u00e1rio tamb\u00e9m estavam trabalhando no local. Eles foram socorridos para o&nbsp;<a href=\"https:\/\/www.clickpb.com.br\/Policial\/vitima-de-incendio-em-fabrica-de-fogos-de-artificio-em-solanea-esta-em-estado-grave-no-trauma-de-jp-269442.html\">Hospital de Trauma de Jo\u00e3o Pesso<\/a>a. O funcion\u00e1rio do vereador segue em estado grave, j\u00e1 Zu\u00e9 tem estado de sa\u00fade considerado est\u00e1vel.&nbsp;<\/p>\n\n\n\n<p>A Pol\u00edcia Civil descobriu um galp\u00e3o escondido no local com grande<br>quantidade de fogos de artif\u00edcio armazenados. O material foi apreendido e<br>vai passar por per\u00edcias.&nbsp;<\/p>\n\n\n\n<p>O inqu\u00e9rito vai apurar se o local tinha autoriza\u00e7\u00e3o para a fabrica\u00e7\u00e3o de fogos de artif\u00edcio.<\/p>\n","protected":false},"excerpt":{"rendered":"<p>Um inc\u00eandio destruiu uma&nbsp;f\u00e1brica clandestina de fogos de artif\u00edcios, na tarde desta ter\u00e7a-feira (8), em Sol\u00e2nea, na Para\u00edba. No inc\u00eandio, o adolescente Joalaaf Kaike de&hellip; <\/p>\n","protected":false},"author":1,"featured_media":124820,"comment_status":"closed","ping_status":"closed","sticky":false,"template":"","format":"standard","meta":{"sfsi_plus_gutenberg_text_before_share":"","sfsi_plus_gutenberg_show_text_before_share":"","sfsi_plus_gutenberg_icon_type":"","sfsi_plus_gutenberg_icon_alignemt":"","sfsi_plus_gutenburg_max_per_row":"","footnotes":""},"categories":[2],"tags":[],"class_list":["post-124818","post","type-post","status-publish","format-standard","has-post-thumbnail","hentry","category-geral"],"_links":{"self":[{"href":"https:\/\/www.caririemacao.com\/1\/wp-json\/wp\/v2\/posts\/124818","targetHints":{"allow":["GET"]}}],"collection":[{"href":"https:\/\/www.caririemacao.com\/1\/wp-json\/wp\/v2\/posts"}],"about":[{"href":"https:\/\/www.caririemacao.com\/1\/wp-json\/wp\/v2\/types\/post"}],"author":[{"embeddable":true,"href":"https:\/\/www.caririemacao.com\/1\/wp-json\/wp\/v2\/users\/1"}],"replies":[{"embeddable":true,"href":"https:\/\/www.caririemacao.com\/1\/wp-json\/wp\/v2\/comments?post=124818"}],"version-history":[{"count":1,"href":"https:\/\/www.caririemacao.com\/1\/wp-json\/wp\/v2\/posts\/124818\/revisions"}],"predecessor-version":[{"id":124821,"href":"https:\/\/www.caririemacao.com\/1\/wp-json\/wp\/v2\/posts\/124818\/revisions\/124821"}],"wp:featuredmedia":[{"embeddable":true,"href":"https:\/\/www.caririemacao.com\/1\/wp-json\/wp\/v2\/media\/124820"}],"wp:attachment":[{"href":"https:\/\/www.caririemacao.com\/1\/wp-json\/wp\/v2\/media?parent=124818"}],"wp:term":[{"taxonomy":"category","embeddable":true,"href":"https:\/\/www.caririemacao.com\/1\/wp-json\/wp\/v2\/categories?post=124818"},{"taxonomy":"post_tag","embeddable":true,"href":"https:\/\/www.caririemacao.com\/1\/wp-json\/wp\/v2\/tags?post=124818"}],"curies":[{"name":"wp","href":"https:\/\/api.w.org\/{rel}","templated":true}]}}