{"id":124822,"date":"2019-10-09T12:10:48","date_gmt":"2019-10-09T15:10:48","guid":{"rendered":"http:\/\/www.caririemacao.com\/1\/?p=124822"},"modified":"2019-10-09T12:10:48","modified_gmt":"2019-10-09T15:10:48","slug":"prefeito-jefferson-roberto-tem-contas-de-2018-aprovadas-pelo-tce-e-destaca-sao-jose-dos-cordeiros-segue-no-rumo-certo","status":"publish","type":"post","link":"https:\/\/www.caririemacao.com\/1\/2019\/10\/09\/prefeito-jefferson-roberto-tem-contas-de-2018-aprovadas-pelo-tce-e-destaca-sao-jose-dos-cordeiros-segue-no-rumo-certo\/","title":{"rendered":"Prefeito Jefferson Roberto tem contas de 2018 aprovadas pelo TCE e destaca: \u201cS\u00e3o Jos\u00e9 dos Cordeiros segue no rumo certo\u201d"},"content":{"rendered":"\n<h2 class=\"wp-block-heading\"><\/h2>\n\n\n\n<div class=\"wp-block-image\"><figure class=\"aligncenter\"><img decoding=\"async\" data-src=\"http:\/\/deolhonocariri.com.br\/wp-content\/uploads\/2018\/12\/JEFFERSON-600x400.jpg\" alt=\"\" class=\"wp-image-60476 lazyload\" src=\"data:image\/svg+xml;base64,PHN2ZyB3aWR0aD0iMSIgaGVpZ2h0PSIxIiB4bWxucz0iaHR0cDovL3d3dy53My5vcmcvMjAwMC9zdmciPjwvc3ZnPg==\" style=\"--smush-placeholder-width: 600px; --smush-placeholder-aspect-ratio: 600\/400;\" \/><\/figure><\/div>\n\n\n\n<p>O prefeito Jefferson Roberto teve as contas de 2018 aprovadas por unanimidade no pleno do Tribunal de Contas do Estado. O gestor mant\u00e9m todas as contas aprovadas de sua administra\u00e7\u00e3o e tamb\u00e9m a tradi\u00e7\u00e3o de S\u00e3o Jos\u00e9 dos Cordeiros de balancetes aprovados desde a administra\u00e7\u00e3o do ex-prefeito Fernando Queiroz.<\/p>\n\n\n\n<p>\u201cA aprova\u00e7\u00e3o junto ao Tribunal apesar de encararmos como uma obriga\u00e7\u00e3o tem para n\u00f3s um significado especial: o de que estamos no rumo certo. Mantemos um bom n\u00edvel de investimentos, obras em execu\u00e7\u00e3o, pagamento em dia de nossos servidores e fornecedores, realizamos e apoiamos nossos principais eventos e mantemos o equil\u00edbrio financeiro\u201d, destacou Jefferson.<\/p>\n\n\n\n<p>O prefeito agradeceu por fim a sua equipe de secret\u00e1rios e em especial aos da Secretaria de Administra\u00e7\u00e3o e Finan\u00e7as, que tem todo o controle e planejamento para o bom funcionamento da gest\u00e3o \u201cGoverno de Trabalho\u201d.<\/p>\n","protected":false},"excerpt":{"rendered":"<p>O prefeito Jefferson Roberto teve as contas de 2018 aprovadas por unanimidade no pleno do Tribunal de Contas do Estado. O gestor mant\u00e9m todas as&hellip; <\/p>\n","protected":false},"author":1,"featured_media":124826,"comment_status":"closed","ping_status":"closed","sticky":false,"template":"","format":"standard","meta":{"sfsi_plus_gutenberg_text_before_share":"","sfsi_plus_gutenberg_show_text_before_share":"","sfsi_plus_gutenberg_icon_type":"","sfsi_plus_gutenberg_icon_alignemt":"","sfsi_plus_gutenburg_max_per_row":"","footnotes":""},"categories":[2],"tags":[],"class_list":["post-124822","post","type-post","status-publish","format-standard","has-post-thumbnail","hentry","category-geral"],"_links":{"self":[{"href":"https:\/\/www.caririemacao.com\/1\/wp-json\/wp\/v2\/posts\/124822","targetHints":{"allow":["GET"]}}],"collection":[{"href":"https:\/\/www.caririemacao.com\/1\/wp-json\/wp\/v2\/posts"}],"about":[{"href":"https:\/\/www.caririemacao.com\/1\/wp-json\/wp\/v2\/types\/post"}],"author":[{"embeddable":true,"href":"https:\/\/www.caririemacao.com\/1\/wp-json\/wp\/v2\/users\/1"}],"replies":[{"embeddable":true,"href":"https:\/\/www.caririemacao.com\/1\/wp-json\/wp\/v2\/comments?post=124822"}],"version-history":[{"count":1,"href":"https:\/\/www.caririemacao.com\/1\/wp-json\/wp\/v2\/posts\/124822\/revisions"}],"predecessor-version":[{"id":124827,"href":"https:\/\/www.caririemacao.com\/1\/wp-json\/wp\/v2\/posts\/124822\/revisions\/124827"}],"wp:featuredmedia":[{"embeddable":true,"href":"https:\/\/www.caririemacao.com\/1\/wp-json\/wp\/v2\/media\/124826"}],"wp:attachment":[{"href":"https:\/\/www.caririemacao.com\/1\/wp-json\/wp\/v2\/media?parent=124822"}],"wp:term":[{"taxonomy":"category","embeddable":true,"href":"https:\/\/www.caririemacao.com\/1\/wp-json\/wp\/v2\/categories?post=124822"},{"taxonomy":"post_tag","embeddable":true,"href":"https:\/\/www.caririemacao.com\/1\/wp-json\/wp\/v2\/tags?post=124822"}],"curies":[{"name":"wp","href":"https:\/\/api.w.org\/{rel}","templated":true}]}}