{"id":124836,"date":"2019-10-09T12:15:17","date_gmt":"2019-10-09T15:15:17","guid":{"rendered":"http:\/\/www.caririemacao.com\/1\/?p=124836"},"modified":"2019-10-09T12:16:08","modified_gmt":"2019-10-09T15:16:08","slug":"bolsonaro-veta-atendimento-de-psicologo-e-assistente-social-em-escolas-publicas","status":"publish","type":"post","link":"https:\/\/www.caririemacao.com\/1\/2019\/10\/09\/bolsonaro-veta-atendimento-de-psicologo-e-assistente-social-em-escolas-publicas\/","title":{"rendered":"Bolsonaro veta atendimento de psic\u00f3logo e assistente social em escolas p\u00fablicas"},"content":{"rendered":"\n<p> O presidente Jair Bolsonaro vetou integralmente a proposta que garantia atendimento por profissionais de psicologia e servi\u00e7o social aos alunos das escolas p\u00fablicas de educa\u00e7\u00e3o b\u00e1sica. O&nbsp;PLC 60\/2007 (PL 3.688\/2000, na C\u00e2mara dos Deputados) foi aprovado em setembro pelos deputados, na forma de um substitutivo elaborado pelo Senado.<\/p>\n\n\n\n<p>Depois de ouvir os Minist\u00e9rios da Educa\u00e7\u00e3o e da Sa\u00fade, a Presid\u00eancia decidiu vetar o projeto, argumentando que h\u00e1 inconstitucionalidade e contrariedade ao interesse p\u00fablico.<\/p>\n\n\n\n<p>\u201cA propositura legislativa, ao estabelecer a obrigatoriedade de que as redes p\u00fablicas de educa\u00e7\u00e3o b\u00e1sica disponham de servi\u00e7os de psicologia e de servi\u00e7o social, por meio de equipes multiprofissionais, cria despesas obrigat\u00f3rias ao Poder Executivo, sem que se tenha indicado a respectiva fonte de custeio, ausentes ainda os demonstrativos dos respectivos impactos or\u00e7ament\u00e1rios e financeiros, violando assim as regras do artigo 113 do Ato das Disposi\u00e7\u00f5es Constitucionais Transit\u00f3rias, bem como dos artigos 16 e 17 da Lei de Responsabilidade Fiscal e ainda do artigo 114 da Lei de Diretrizes Or\u00e7ament\u00e1rias para 2019 (Lei 13.707, de 2018)\u201d, diz a justificativa do veto.<\/p>\n\n\n\n<p>Pela proposta do ex-deputado Jos\u00e9 Carlos Elias, equipes com profissionais dessas disciplinas deveriam atender os estudantes dos ensinos fundamental e m\u00e9dio, buscando a melhoria do processo de aprendizagem e das rela\u00e7\u00f5es entre alunos, professores e a comunidade escolar. O texto ainda estabelecia que, quando houvesse necessidade, os alunos deveriam ser atendidos em parceria com profissionais do Sistema \u00danico de Sa\u00fade (SUS).<\/p>\n\n\n\n<p>Deputados e senadores v\u00e3o analisar o veto quando ele foi inclu\u00eddo na pauta do Congresso Nacional.<\/p>\n","protected":false},"excerpt":{"rendered":"<p>O presidente Jair Bolsonaro vetou integralmente a proposta que garantia atendimento por profissionais de psicologia e servi\u00e7o social aos alunos das escolas p\u00fablicas de educa\u00e7\u00e3o&hellip; <\/p>\n","protected":false},"author":1,"featured_media":111985,"comment_status":"closed","ping_status":"closed","sticky":false,"template":"","format":"standard","meta":{"sfsi_plus_gutenberg_text_before_share":"","sfsi_plus_gutenberg_show_text_before_share":"","sfsi_plus_gutenberg_icon_type":"","sfsi_plus_gutenberg_icon_alignemt":"","sfsi_plus_gutenburg_max_per_row":"","footnotes":""},"categories":[11],"tags":[],"class_list":["post-124836","post","type-post","status-publish","format-standard","has-post-thumbnail","hentry","category-politica"],"_links":{"self":[{"href":"https:\/\/www.caririemacao.com\/1\/wp-json\/wp\/v2\/posts\/124836","targetHints":{"allow":["GET"]}}],"collection":[{"href":"https:\/\/www.caririemacao.com\/1\/wp-json\/wp\/v2\/posts"}],"about":[{"href":"https:\/\/www.caririemacao.com\/1\/wp-json\/wp\/v2\/types\/post"}],"author":[{"embeddable":true,"href":"https:\/\/www.caririemacao.com\/1\/wp-json\/wp\/v2\/users\/1"}],"replies":[{"embeddable":true,"href":"https:\/\/www.caririemacao.com\/1\/wp-json\/wp\/v2\/comments?post=124836"}],"version-history":[{"count":2,"href":"https:\/\/www.caririemacao.com\/1\/wp-json\/wp\/v2\/posts\/124836\/revisions"}],"predecessor-version":[{"id":124850,"href":"https:\/\/www.caririemacao.com\/1\/wp-json\/wp\/v2\/posts\/124836\/revisions\/124850"}],"wp:featuredmedia":[{"embeddable":true,"href":"https:\/\/www.caririemacao.com\/1\/wp-json\/wp\/v2\/media\/111985"}],"wp:attachment":[{"href":"https:\/\/www.caririemacao.com\/1\/wp-json\/wp\/v2\/media?parent=124836"}],"wp:term":[{"taxonomy":"category","embeddable":true,"href":"https:\/\/www.caririemacao.com\/1\/wp-json\/wp\/v2\/categories?post=124836"},{"taxonomy":"post_tag","embeddable":true,"href":"https:\/\/www.caririemacao.com\/1\/wp-json\/wp\/v2\/tags?post=124836"}],"curies":[{"name":"wp","href":"https:\/\/api.w.org\/{rel}","templated":true}]}}