{"id":124898,"date":"2019-10-09T12:48:20","date_gmt":"2019-10-09T15:48:20","guid":{"rendered":"http:\/\/www.caririemacao.com\/1\/?p=124898"},"modified":"2019-10-09T12:48:20","modified_gmt":"2019-10-09T15:48:20","slug":"bomba-adriano-galdino-desmente-gervasio-maia-e-comprova-que-deixou-rs-17-milhoes-em-caixa-na-alpb","status":"publish","type":"post","link":"https:\/\/www.caririemacao.com\/1\/2019\/10\/09\/bomba-adriano-galdino-desmente-gervasio-maia-e-comprova-que-deixou-rs-17-milhoes-em-caixa-na-alpb\/","title":{"rendered":"BOMBA: Adriano Galdino desmente Gerv\u00e1sio Maia e comprova que deixou RS 17 milh\u00f5es em caixa na ALPB"},"content":{"rendered":"\n<p>  O Presidente da Assembleia Legislativa da Para\u00edba (ALPB), deputado estadual Adriano Galdino(PSB) rebateu as declara\u00e7\u00f5es feitas pelo deputado federal Gerv\u00e1sio Maia (PSB) e\u00a0comprovou que deixou mais de RS 17 milh\u00f5es em caixa para Gerv\u00e1sio Maia (PSB).<\/p>\n\n\n\n<p>Para Adriano Galdino, a transpar\u00eancia, o di\u00e1logo e o olhar para o futuro sempre foram pilares que me nortearam durante toda a minha vida pol\u00edtica. E foi assim como vereador e prefeito de Pocinhos, como deputado estadual e como presidente da Assembleia Legislativa da Para\u00edba (ALPB).<\/p>\n\n\n\n<p>Estou na minha segunda passagem por aqui. E o motivo desse meu esclarecimento \u00e9 falar sobre a minha primeira gest\u00e3o, que tem sido atacada por setores da classe pol\u00edtica que tentam macular minha imagem com mentiras- disse Galdino.<\/p>\n\n\n\n<p>Deixei no caixa da Assembleia R$ 17 milh\u00f5es aplicados, que acabou sendo gastos pela gest\u00e3o anterior na reforma da Casa de Epit\u00e1cio Pessoa. Essa obra mal foi entregue e j\u00e1 apresenta alguns problemas. Sempre defendi a constru\u00e7\u00e3o de um novo pr\u00e9dio por saber da necessidade da Assembleia ter um espa\u00e7o novo e moderno para atender as demandas da popula\u00e7\u00e3o e todos que aqui trabalham.<\/p>\n\n\n\n<p>Nessa minha segunda passagem pela presid\u00eancia, realizei a primeira reforma administrativa da Casa Epit\u00e1cio Pessoa, que possibilitou o aumento da transpar\u00eancia, moderniza\u00e7\u00e3o da estrutura e economia de recursos com as despesas de custeio do Poder Legislativo. Tamb\u00e9m aprovamos a PEC que possibilita a assinatura digital para que a popula\u00e7\u00e3o possa apresentar projetos de forma mais \u00e1gil.<\/p>\n\n\n\n<p>Nos juntamos ao Governo do Estado para acompanhar de perto as audi\u00eancias do Or\u00e7amento Democr\u00e1tico e dialogar com a popula\u00e7\u00e3o de todas as regi\u00f5es da Para\u00edba.<\/p>\n\n\n\n<p>Al\u00e9m disso, realizamos sess\u00f5es itinerantes em Cajazeiras e Alagoa Grande para debater com a popula\u00e7\u00e3o local e demonstrar como \u00e9 o trabalho dos deputados durante as sess\u00f5es. E ainda conseguimos implantar o sistema de tramita\u00e7\u00e3o digital de mat\u00e9rias, economizando papel e colocando a Assembleia em outro patamar de modernidade.<\/p>\n\n\n\n<p>Minha luta sempre foi e sempre ser\u00e1 com uma Para\u00edba mais forte e mais justa para todos. E eu tenho convic\u00e7\u00e3o que s\u00f3 com o trabalho, verdade e transpar\u00eancia que vamos conseguir isso. Todos os dias quando levanto da cama procuro me focar em coisas que contribuam para o progresso do nosso Estado. Mentiras e conchavos n\u00e3o t\u00eam espa\u00e7o na pol\u00edtica atual e espero que a popula\u00e7\u00e3o entenda isso na hora de eleger seu candidato nos pr\u00f3ximos pleitos.<\/p>\n\n\n\n<div class=\"wp-block-image\"><figure class=\"aligncenter\"><img decoding=\"async\" data-src=\"https:\/\/paraibaonline.com.br\/wp-content\/uploads\/2019\/10\/extrato-01-567x339.jpeg\" alt=\"\" src=\"data:image\/svg+xml;base64,PHN2ZyB3aWR0aD0iMSIgaGVpZ2h0PSIxIiB4bWxucz0iaHR0cDovL3d3dy53My5vcmcvMjAwMC9zdmciPjwvc3ZnPg==\" class=\"lazyload\" style=\"--smush-placeholder-width: 567px; --smush-placeholder-aspect-ratio: 567\/339;\" \/><\/figure><\/div>\n","protected":false},"excerpt":{"rendered":"<p>O Presidente da Assembleia Legislativa da Para\u00edba (ALPB), deputado estadual Adriano Galdino(PSB) rebateu as declara\u00e7\u00f5es feitas pelo deputado federal Gerv\u00e1sio Maia (PSB) e\u00a0comprovou que deixou&hellip; <\/p>\n","protected":false},"author":1,"featured_media":124900,"comment_status":"closed","ping_status":"closed","sticky":false,"template":"","format":"standard","meta":{"sfsi_plus_gutenberg_text_before_share":"","sfsi_plus_gutenberg_show_text_before_share":"","sfsi_plus_gutenberg_icon_type":"","sfsi_plus_gutenberg_icon_alignemt":"","sfsi_plus_gutenburg_max_per_row":"","footnotes":""},"categories":[11],"tags":[],"class_list":["post-124898","post","type-post","status-publish","format-standard","has-post-thumbnail","hentry","category-politica"],"_links":{"self":[{"href":"https:\/\/www.caririemacao.com\/1\/wp-json\/wp\/v2\/posts\/124898","targetHints":{"allow":["GET"]}}],"collection":[{"href":"https:\/\/www.caririemacao.com\/1\/wp-json\/wp\/v2\/posts"}],"about":[{"href":"https:\/\/www.caririemacao.com\/1\/wp-json\/wp\/v2\/types\/post"}],"author":[{"embeddable":true,"href":"https:\/\/www.caririemacao.com\/1\/wp-json\/wp\/v2\/users\/1"}],"replies":[{"embeddable":true,"href":"https:\/\/www.caririemacao.com\/1\/wp-json\/wp\/v2\/comments?post=124898"}],"version-history":[{"count":1,"href":"https:\/\/www.caririemacao.com\/1\/wp-json\/wp\/v2\/posts\/124898\/revisions"}],"predecessor-version":[{"id":124901,"href":"https:\/\/www.caririemacao.com\/1\/wp-json\/wp\/v2\/posts\/124898\/revisions\/124901"}],"wp:featuredmedia":[{"embeddable":true,"href":"https:\/\/www.caririemacao.com\/1\/wp-json\/wp\/v2\/media\/124900"}],"wp:attachment":[{"href":"https:\/\/www.caririemacao.com\/1\/wp-json\/wp\/v2\/media?parent=124898"}],"wp:term":[{"taxonomy":"category","embeddable":true,"href":"https:\/\/www.caririemacao.com\/1\/wp-json\/wp\/v2\/categories?post=124898"},{"taxonomy":"post_tag","embeddable":true,"href":"https:\/\/www.caririemacao.com\/1\/wp-json\/wp\/v2\/tags?post=124898"}],"curies":[{"name":"wp","href":"https:\/\/api.w.org\/{rel}","templated":true}]}}