{"id":124910,"date":"2019-10-09T13:41:16","date_gmt":"2019-10-09T16:41:16","guid":{"rendered":"http:\/\/www.caririemacao.com\/1\/?p=124910"},"modified":"2019-10-09T13:41:16","modified_gmt":"2019-10-09T16:41:16","slug":"presidente-bolsonaro-decide-deixar-o-psl","status":"publish","type":"post","link":"https:\/\/www.caririemacao.com\/1\/2019\/10\/09\/presidente-bolsonaro-decide-deixar-o-psl\/","title":{"rendered":"Presidente Bolsonaro decide deixar o PSL"},"content":{"rendered":"\n<p>  Jair Bolsonaro (PSL) j\u00e1 bateu o martelo: vai deixar o PSL. Aliados est\u00e3o cientes da decis\u00e3o, segundo uma fonte pr\u00f3xima ao presidente.<\/p>\n\n\n\n<p>A insatisfa\u00e7\u00e3o de Bolsonaro com a legenda pela qual se elegeu presidente da Rep\u00fablica vinha em uma crescente e foi tornada p\u00fablica nesta ter\u00e7a-feira, quando afirmou a um apoiador, na sa\u00edda do Pal\u00e1cio da Alvorada: \u201cEsque\u00e7a o PSL\u201d.<\/p>\n\n\n\n<p>O presidente cochichou sua recomenda\u00e7\u00e3o a um eleitor que se apresentou como pr\u00e9-candidato pelo partido no Recife. Mesmo assim, o rapaz gravou um v\u00eddeo ao lado dizendo \u201cEu, Bolsonaro e Bivar juntos por um novo Recife\u201d.<\/p>\n\n\n\n<p>Bolsonaro pediu que ele n\u00e3o divulgasse a grava\u00e7\u00e3o. \u201c\u00d3 cara, n\u00e3o divulga isso, n\u00e3o. O cara Bivar est\u00e1 queimado para caramba l\u00e1. Vai queimar o meu filme tamb\u00e9m. Esquece esse cara, esquece o partido\u201d. Ap\u00f3s ser repreendido, o rapaz fez uma nova grava\u00e7\u00e3o: \u201cViva o Recife, eu e Bolsonaro\u201d.<\/p>\n\n\n\n<p>O deputado federal Luciano Bivar, presidente da legenda, tampouco quer Bolsonaro no partido. \u201cA fala dele (Bolsonaro) foi terminal, ele j\u00e1 est\u00e1 afastado. N\u00e3o disse para esquecer o partido? Est\u00e1 esquecido\u201d, disse Bivar ao blog da jornalista Andr\u00e9a Sadi.<\/p>\n","protected":false},"excerpt":{"rendered":"<p>Jair Bolsonaro (PSL) j\u00e1 bateu o martelo: vai deixar o PSL. Aliados est\u00e3o cientes da decis\u00e3o, segundo uma fonte pr\u00f3xima ao presidente. A insatisfa\u00e7\u00e3o de&hellip; <\/p>\n","protected":false},"author":1,"featured_media":111985,"comment_status":"closed","ping_status":"closed","sticky":false,"template":"","format":"standard","meta":{"sfsi_plus_gutenberg_text_before_share":"","sfsi_plus_gutenberg_show_text_before_share":"","sfsi_plus_gutenberg_icon_type":"","sfsi_plus_gutenberg_icon_alignemt":"","sfsi_plus_gutenburg_max_per_row":"","footnotes":""},"categories":[11],"tags":[],"class_list":["post-124910","post","type-post","status-publish","format-standard","has-post-thumbnail","hentry","category-politica"],"_links":{"self":[{"href":"https:\/\/www.caririemacao.com\/1\/wp-json\/wp\/v2\/posts\/124910","targetHints":{"allow":["GET"]}}],"collection":[{"href":"https:\/\/www.caririemacao.com\/1\/wp-json\/wp\/v2\/posts"}],"about":[{"href":"https:\/\/www.caririemacao.com\/1\/wp-json\/wp\/v2\/types\/post"}],"author":[{"embeddable":true,"href":"https:\/\/www.caririemacao.com\/1\/wp-json\/wp\/v2\/users\/1"}],"replies":[{"embeddable":true,"href":"https:\/\/www.caririemacao.com\/1\/wp-json\/wp\/v2\/comments?post=124910"}],"version-history":[{"count":1,"href":"https:\/\/www.caririemacao.com\/1\/wp-json\/wp\/v2\/posts\/124910\/revisions"}],"predecessor-version":[{"id":124914,"href":"https:\/\/www.caririemacao.com\/1\/wp-json\/wp\/v2\/posts\/124910\/revisions\/124914"}],"wp:featuredmedia":[{"embeddable":true,"href":"https:\/\/www.caririemacao.com\/1\/wp-json\/wp\/v2\/media\/111985"}],"wp:attachment":[{"href":"https:\/\/www.caririemacao.com\/1\/wp-json\/wp\/v2\/media?parent=124910"}],"wp:term":[{"taxonomy":"category","embeddable":true,"href":"https:\/\/www.caririemacao.com\/1\/wp-json\/wp\/v2\/categories?post=124910"},{"taxonomy":"post_tag","embeddable":true,"href":"https:\/\/www.caririemacao.com\/1\/wp-json\/wp\/v2\/tags?post=124910"}],"curies":[{"name":"wp","href":"https:\/\/api.w.org\/{rel}","templated":true}]}}