{"id":124927,"date":"2019-10-09T14:14:43","date_gmt":"2019-10-09T17:14:43","guid":{"rendered":"http:\/\/www.caririemacao.com\/1\/?p=124927"},"modified":"2019-10-09T14:14:43","modified_gmt":"2019-10-09T17:14:43","slug":"colisao-entre-dois-caminhoes-mata-dois-pessoas-no-rio","status":"publish","type":"post","link":"https:\/\/www.caririemacao.com\/1\/2019\/10\/09\/colisao-entre-dois-caminhoes-mata-dois-pessoas-no-rio\/","title":{"rendered":"Colis\u00e3o entre dois caminh\u00f5es mata dois pessoas no Rio"},"content":{"rendered":"\n<p> Uma colis\u00e3o frontal entre dois caminh\u00f5es deixou dois mortos na manh\u00e3 de hoje na rodovia BR-465, a antiga estrada Rio-S\u00e3o Paulo, na regi\u00e3o metropolitana do Rio de Janeiro.<\/p>\n\n\n\n<p>Segundo a Pol\u00edcia Rodovi\u00e1ria Federal, o acidente ocorreu \u00e0s 10h45, na altura do km 14, em Serop\u00e9dica.<\/p>\n\n\n\n<p>A rodovia foi totalmente interditada, de acordo com a PRF. Um dos caminh\u00f5es transportava \u00f3leo diesel, por isso o Instituto Estadual do Ambiente (Inea) j\u00e1 foi avisado.<\/p>\n\n\n\n<p>A ocorr\u00eancia foi registrada na Delegacia de Pol\u00edcia Civil de Serop\u00e9dica (48\u00aa DP). Peritos j\u00e1 se deslocaram para o local, segundo a PRF. Os nomes dos mortos ainda n\u00e3o foram divulgados.<\/p>\n","protected":false},"excerpt":{"rendered":"<p>Uma colis\u00e3o frontal entre dois caminh\u00f5es deixou dois mortos na manh\u00e3 de hoje na rodovia BR-465, a antiga estrada Rio-S\u00e3o Paulo, na regi\u00e3o metropolitana do&hellip; <\/p>\n","protected":false},"author":1,"featured_media":49644,"comment_status":"closed","ping_status":"closed","sticky":false,"template":"","format":"standard","meta":{"sfsi_plus_gutenberg_text_before_share":"","sfsi_plus_gutenberg_show_text_before_share":"","sfsi_plus_gutenberg_icon_type":"","sfsi_plus_gutenberg_icon_alignemt":"","sfsi_plus_gutenburg_max_per_row":"","footnotes":""},"categories":[2],"tags":[],"class_list":["post-124927","post","type-post","status-publish","format-standard","has-post-thumbnail","hentry","category-geral"],"_links":{"self":[{"href":"https:\/\/www.caririemacao.com\/1\/wp-json\/wp\/v2\/posts\/124927","targetHints":{"allow":["GET"]}}],"collection":[{"href":"https:\/\/www.caririemacao.com\/1\/wp-json\/wp\/v2\/posts"}],"about":[{"href":"https:\/\/www.caririemacao.com\/1\/wp-json\/wp\/v2\/types\/post"}],"author":[{"embeddable":true,"href":"https:\/\/www.caririemacao.com\/1\/wp-json\/wp\/v2\/users\/1"}],"replies":[{"embeddable":true,"href":"https:\/\/www.caririemacao.com\/1\/wp-json\/wp\/v2\/comments?post=124927"}],"version-history":[{"count":1,"href":"https:\/\/www.caririemacao.com\/1\/wp-json\/wp\/v2\/posts\/124927\/revisions"}],"predecessor-version":[{"id":124929,"href":"https:\/\/www.caririemacao.com\/1\/wp-json\/wp\/v2\/posts\/124927\/revisions\/124929"}],"wp:featuredmedia":[{"embeddable":true,"href":"https:\/\/www.caririemacao.com\/1\/wp-json\/wp\/v2\/media\/49644"}],"wp:attachment":[{"href":"https:\/\/www.caririemacao.com\/1\/wp-json\/wp\/v2\/media?parent=124927"}],"wp:term":[{"taxonomy":"category","embeddable":true,"href":"https:\/\/www.caririemacao.com\/1\/wp-json\/wp\/v2\/categories?post=124927"},{"taxonomy":"post_tag","embeddable":true,"href":"https:\/\/www.caririemacao.com\/1\/wp-json\/wp\/v2\/tags?post=124927"}],"curies":[{"name":"wp","href":"https:\/\/api.w.org\/{rel}","templated":true}]}}