{"id":124950,"date":"2019-10-09T14:59:37","date_gmt":"2019-10-09T17:59:37","guid":{"rendered":"http:\/\/www.caririemacao.com\/1\/?p=124950"},"modified":"2019-10-09T14:59:37","modified_gmt":"2019-10-09T17:59:37","slug":"prefeita-emite-nota-de-pesar-pelo-falecimento-de-amilton-altair-ferreira-duarte","status":"publish","type":"post","link":"https:\/\/www.caririemacao.com\/1\/2019\/10\/09\/prefeita-emite-nota-de-pesar-pelo-falecimento-de-amilton-altair-ferreira-duarte\/","title":{"rendered":"Prefeita emite nota de pesar pelo falecimento de Amilton Altair Ferreira Duarte"},"content":{"rendered":"\n<p>Prefeitura de Monteiro, atrav\u00e9s da prefeita Anna Lorena de Farias Leite N\u00f3brega e a Secretaria de Agricultura do Munic\u00edpio, em nome do secret\u00e1rio Alfredo Viana, v\u00eam de p\u00fablico externar o mais profundo sentimento pela irrepar\u00e1vel perca de Amilton &nbsp;Altair Ferreira Duarte, v\u00edtima de enfarte, ocorrido na noite desta ter\u00e7a-feira, dia 08.<\/p>\n\n\n\n<p>\u201cLamentamos profundamente a perda deste grande homem que exerceu seu papel de Chefe de Divis\u00e3o de Pesquisa do Cendov, contribuindo com toda certeza para fazer a nossa cidade ser cada dia melhor e com certeza conseguiu. Deixar\u00e1 muitas saudades no cora\u00e7\u00e3o de todos os seus amigos e companheiros de trabalho, assim como na sua fam\u00edlia e comunidade\u201d.<\/p>\n","protected":false},"excerpt":{"rendered":"<p>Prefeitura de Monteiro, atrav\u00e9s da prefeita Anna Lorena de Farias Leite N\u00f3brega e a Secretaria de Agricultura do Munic\u00edpio, em nome do secret\u00e1rio Alfredo Viana,&hellip; <\/p>\n","protected":false},"author":1,"featured_media":124952,"comment_status":"closed","ping_status":"closed","sticky":false,"template":"","format":"standard","meta":{"sfsi_plus_gutenberg_text_before_share":"","sfsi_plus_gutenberg_show_text_before_share":"","sfsi_plus_gutenberg_icon_type":"","sfsi_plus_gutenberg_icon_alignemt":"","sfsi_plus_gutenburg_max_per_row":"","footnotes":""},"categories":[2],"tags":[],"class_list":["post-124950","post","type-post","status-publish","format-standard","has-post-thumbnail","hentry","category-geral"],"_links":{"self":[{"href":"https:\/\/www.caririemacao.com\/1\/wp-json\/wp\/v2\/posts\/124950","targetHints":{"allow":["GET"]}}],"collection":[{"href":"https:\/\/www.caririemacao.com\/1\/wp-json\/wp\/v2\/posts"}],"about":[{"href":"https:\/\/www.caririemacao.com\/1\/wp-json\/wp\/v2\/types\/post"}],"author":[{"embeddable":true,"href":"https:\/\/www.caririemacao.com\/1\/wp-json\/wp\/v2\/users\/1"}],"replies":[{"embeddable":true,"href":"https:\/\/www.caririemacao.com\/1\/wp-json\/wp\/v2\/comments?post=124950"}],"version-history":[{"count":1,"href":"https:\/\/www.caririemacao.com\/1\/wp-json\/wp\/v2\/posts\/124950\/revisions"}],"predecessor-version":[{"id":124953,"href":"https:\/\/www.caririemacao.com\/1\/wp-json\/wp\/v2\/posts\/124950\/revisions\/124953"}],"wp:featuredmedia":[{"embeddable":true,"href":"https:\/\/www.caririemacao.com\/1\/wp-json\/wp\/v2\/media\/124952"}],"wp:attachment":[{"href":"https:\/\/www.caririemacao.com\/1\/wp-json\/wp\/v2\/media?parent=124950"}],"wp:term":[{"taxonomy":"category","embeddable":true,"href":"https:\/\/www.caririemacao.com\/1\/wp-json\/wp\/v2\/categories?post=124950"},{"taxonomy":"post_tag","embeddable":true,"href":"https:\/\/www.caririemacao.com\/1\/wp-json\/wp\/v2\/tags?post=124950"}],"curies":[{"name":"wp","href":"https:\/\/api.w.org\/{rel}","templated":true}]}}