{"id":124958,"date":"2019-10-09T15:02:45","date_gmt":"2019-10-09T18:02:45","guid":{"rendered":"http:\/\/www.caririemacao.com\/1\/?p=124958"},"modified":"2019-10-09T15:02:45","modified_gmt":"2019-10-09T18:02:45","slug":"prefeitura-de-s-s-do-umbuzeiro-inicia-inscricoes-para-o-garantia-safra-veja-o-calendario","status":"publish","type":"post","link":"https:\/\/www.caririemacao.com\/1\/2019\/10\/09\/prefeitura-de-s-s-do-umbuzeiro-inicia-inscricoes-para-o-garantia-safra-veja-o-calendario\/","title":{"rendered":"Prefeitura de S. S. do Umbuzeiro inicia inscri\u00e7\u00f5es para o Garantia Safra; veja o calend\u00e1rio"},"content":{"rendered":"\n<p> Prefeitura Municipal de S\u00e3o Sebasti\u00e3o do Umbuzeiro, atrav\u00e9s da Secretaria da Agricultura e da EMPAER, comunica aos agricultores do munic\u00edpio que as inscri\u00e7\u00f5es para o Programa Garantia Safra j\u00e1 se iniciaram.<\/p>\n\n\n\n<p>O Secret\u00e1rio Diego Elesb\u00e3o enfatizou que o programa garante que os agricultores consigam ter renda com sua produ\u00e7\u00e3o, principalmente ao passarem por condi\u00e7\u00f5es ambientais adversas.<\/p>\n","protected":false},"excerpt":{"rendered":"<p>Prefeitura Municipal de S\u00e3o Sebasti\u00e3o do Umbuzeiro, atrav\u00e9s da Secretaria da Agricultura e da EMPAER, comunica aos agricultores do munic\u00edpio que as inscri\u00e7\u00f5es para o&hellip; <\/p>\n","protected":false},"author":1,"featured_media":124960,"comment_status":"closed","ping_status":"closed","sticky":false,"template":"","format":"standard","meta":{"sfsi_plus_gutenberg_text_before_share":"","sfsi_plus_gutenberg_show_text_before_share":"","sfsi_plus_gutenberg_icon_type":"","sfsi_plus_gutenberg_icon_alignemt":"","sfsi_plus_gutenburg_max_per_row":"","footnotes":""},"categories":[2],"tags":[],"class_list":["post-124958","post","type-post","status-publish","format-standard","has-post-thumbnail","hentry","category-geral"],"_links":{"self":[{"href":"https:\/\/www.caririemacao.com\/1\/wp-json\/wp\/v2\/posts\/124958","targetHints":{"allow":["GET"]}}],"collection":[{"href":"https:\/\/www.caririemacao.com\/1\/wp-json\/wp\/v2\/posts"}],"about":[{"href":"https:\/\/www.caririemacao.com\/1\/wp-json\/wp\/v2\/types\/post"}],"author":[{"embeddable":true,"href":"https:\/\/www.caririemacao.com\/1\/wp-json\/wp\/v2\/users\/1"}],"replies":[{"embeddable":true,"href":"https:\/\/www.caririemacao.com\/1\/wp-json\/wp\/v2\/comments?post=124958"}],"version-history":[{"count":1,"href":"https:\/\/www.caririemacao.com\/1\/wp-json\/wp\/v2\/posts\/124958\/revisions"}],"predecessor-version":[{"id":124961,"href":"https:\/\/www.caririemacao.com\/1\/wp-json\/wp\/v2\/posts\/124958\/revisions\/124961"}],"wp:featuredmedia":[{"embeddable":true,"href":"https:\/\/www.caririemacao.com\/1\/wp-json\/wp\/v2\/media\/124960"}],"wp:attachment":[{"href":"https:\/\/www.caririemacao.com\/1\/wp-json\/wp\/v2\/media?parent=124958"}],"wp:term":[{"taxonomy":"category","embeddable":true,"href":"https:\/\/www.caririemacao.com\/1\/wp-json\/wp\/v2\/categories?post=124958"},{"taxonomy":"post_tag","embeddable":true,"href":"https:\/\/www.caririemacao.com\/1\/wp-json\/wp\/v2\/tags?post=124958"}],"curies":[{"name":"wp","href":"https:\/\/api.w.org\/{rel}","templated":true}]}}