{"id":124992,"date":"2019-10-09T17:30:57","date_gmt":"2019-10-09T20:30:57","guid":{"rendered":"http:\/\/www.caririemacao.com\/1\/?p=124992"},"modified":"2019-10-09T17:30:57","modified_gmt":"2019-10-09T20:30:57","slug":"presidente-do-psl-diz-que-bolsonaro-ja-esta-afastado-do-partido","status":"publish","type":"post","link":"https:\/\/www.caririemacao.com\/1\/2019\/10\/09\/presidente-do-psl-diz-que-bolsonaro-ja-esta-afastado-do-partido\/","title":{"rendered":"Presidente do PSL diz que Bolsonaro \u201cj\u00e1 est\u00e1 afastado\u201d do partido"},"content":{"rendered":"\n<p>O presidente nacional do PSL, Luciano Bivar, disse que a declara\u00e7\u00e3o de&nbsp;Jair Bolsonaro&nbsp;sobre a legenda foi \u201cterminal\u201d e que ele \u201cj\u00e1 est\u00e1 afastado\u201d da sigla. Na ter\u00e7a-feira (8),&nbsp;Bolsonaro recomendou a um apoiador que esquecesse o PSL&nbsp;e afirmou que Bivar estaria \u201cqueimado para caramba\u201d.<\/p>\n\n\n\n<p>\u2014 A fala dele foi terminal. Ele j\u00e1 est\u00e1 afastado. N\u00e3o disse para esquecer o partido? Est\u00e1 esquecido \u2014 declarou Bivar, nesta quarta-feira (9), \u00e0&nbsp;TV Globo.<\/p>\n\n\n\n<p>Deputado federal por Pernambuco, Bivar tamb\u00e9m disse desconhecer o que se passa na cabe\u00e7a de Bolsonaro e querer \u201cpaz\u201d. Em meio \u00e0 crise, o presidente do PSL ainda negou que a distribui\u00e7\u00e3o do fundo partid\u00e1rio tenha provocado a desaven\u00e7a entre os parlamentares do partido e o grupo de Bolsonaro.<\/p>\n\n\n\n<p>De acordo com Bivar, o PSL seguir\u00e1 apoiando as medidas do governo e que a sa\u00edda do presidente \u201cn\u00e3o muda nada\u201d para o partido na defesa das pautas de retomada da economia e do combate \u00e0 corrup\u00e7\u00e3o. O deputado pediu um encontro com o ministro da Justi\u00e7a,&nbsp;Sergio Moro, para sublinhar que \u201csempre estar\u00e1 com os ministros\u201d.<\/p>\n\n\n\n<p>\u2014 N\u00e3o estamos em gr\u00eamio estudantil. Ele pode levar tudo do partido, s\u00f3 n\u00e3o pode levar a dignidade, o sentimento liberal que temos e o compromisso com o combate \u00e0 corrup\u00e7\u00e3o \u2014 acrescentou Bivar.<\/p>\n\n\n\n<h3 class=\"wp-block-heading\">Bolsonaro estaria decidido a deixar o PSL<\/h3>\n\n\n\n<p>Integrantes da c\u00fapula do PSL foram informados nesta quarta-feira de que, at\u00e9 o final da manh\u00e3, Bolsonaro estava decidido a sair do partido. Pessoas pr\u00f3ximas ao presidente que tentavam remediar a quest\u00e3o disseram aos membros da legenda que a decis\u00e3o \u2013 que j\u00e1 estava tomada \u2013 ficou mais dif\u00edcil de ser contornada depois das declara\u00e7\u00f5es de Bivar.<\/p>\n\n\n\n<p>Integrantes do PSL avaliam que, mesmo ap\u00f3s estocar Bivar na ter\u00e7a-feira, Bolsonaro ainda n\u00e3o estava decidido sair da sigla. Eles acreditam que a gota d\u2019\u00e1gua ocorreu depois que parlamentares do partido decidiram revidar e passaram a critic\u00e1-lo publicamente.<\/p>\n\n\n\n<p>Ao site \u201cO Antagonista\u201d, Bolsonaro afirmou que fez uma \u201creclama\u00e7\u00e3o do bem\u201d sobre o partido, e que o objetivo \u00e9 ver mudan\u00e7as na executiva, comandada por Bivar.<\/p>\n\n\n\n<p>\u2014 Eu n\u00e3o quero esvaziar o partido. Quero que funcione. O PSL caiu do c\u00e9u para muita gente, inclusive para o Bivar. O que fa\u00e7o \u00e9 uma reclama\u00e7\u00e3o do bem. O partido tem que funcionar, tem que ter a verba distribu\u00edda, buscar solucionar os problemas nos diret\u00f3rios. Todo partido tem problema. O presidente, o tesoureiro, eles t\u00eam que solucionar isso.<\/p>\n\n\n\n<p><em>Com Ga\u00facha ZH<\/em><\/p>\n","protected":false},"excerpt":{"rendered":"<p>O presidente nacional do PSL, Luciano Bivar, disse que a declara\u00e7\u00e3o de&nbsp;Jair Bolsonaro&nbsp;sobre a legenda foi \u201cterminal\u201d e que ele \u201cj\u00e1 est\u00e1 afastado\u201d da sigla.&hellip; <\/p>\n","protected":false},"author":1,"featured_media":124994,"comment_status":"closed","ping_status":"closed","sticky":false,"template":"","format":"standard","meta":{"sfsi_plus_gutenberg_text_before_share":"","sfsi_plus_gutenberg_show_text_before_share":"","sfsi_plus_gutenberg_icon_type":"","sfsi_plus_gutenberg_icon_alignemt":"","sfsi_plus_gutenburg_max_per_row":"","footnotes":""},"categories":[11],"tags":[],"class_list":["post-124992","post","type-post","status-publish","format-standard","has-post-thumbnail","hentry","category-politica"],"_links":{"self":[{"href":"https:\/\/www.caririemacao.com\/1\/wp-json\/wp\/v2\/posts\/124992","targetHints":{"allow":["GET"]}}],"collection":[{"href":"https:\/\/www.caririemacao.com\/1\/wp-json\/wp\/v2\/posts"}],"about":[{"href":"https:\/\/www.caririemacao.com\/1\/wp-json\/wp\/v2\/types\/post"}],"author":[{"embeddable":true,"href":"https:\/\/www.caririemacao.com\/1\/wp-json\/wp\/v2\/users\/1"}],"replies":[{"embeddable":true,"href":"https:\/\/www.caririemacao.com\/1\/wp-json\/wp\/v2\/comments?post=124992"}],"version-history":[{"count":1,"href":"https:\/\/www.caririemacao.com\/1\/wp-json\/wp\/v2\/posts\/124992\/revisions"}],"predecessor-version":[{"id":124995,"href":"https:\/\/www.caririemacao.com\/1\/wp-json\/wp\/v2\/posts\/124992\/revisions\/124995"}],"wp:featuredmedia":[{"embeddable":true,"href":"https:\/\/www.caririemacao.com\/1\/wp-json\/wp\/v2\/media\/124994"}],"wp:attachment":[{"href":"https:\/\/www.caririemacao.com\/1\/wp-json\/wp\/v2\/media?parent=124992"}],"wp:term":[{"taxonomy":"category","embeddable":true,"href":"https:\/\/www.caririemacao.com\/1\/wp-json\/wp\/v2\/categories?post=124992"},{"taxonomy":"post_tag","embeddable":true,"href":"https:\/\/www.caririemacao.com\/1\/wp-json\/wp\/v2\/tags?post=124992"}],"curies":[{"name":"wp","href":"https:\/\/api.w.org\/{rel}","templated":true}]}}