{"id":124997,"date":"2019-10-09T17:32:05","date_gmt":"2019-10-09T20:32:05","guid":{"rendered":"http:\/\/www.caririemacao.com\/1\/?p=124997"},"modified":"2019-10-09T17:32:05","modified_gmt":"2019-10-09T20:32:05","slug":"governo-do-estado-determina-intervencao-em-hospitais-da-paraiba","status":"publish","type":"post","link":"https:\/\/www.caririemacao.com\/1\/2019\/10\/09\/governo-do-estado-determina-intervencao-em-hospitais-da-paraiba\/","title":{"rendered":"Governo do Estado determina interven\u00e7\u00e3o em hospitais da Para\u00edba"},"content":{"rendered":"\n<p>O Governo do Estado determinou, no in\u00edcio da tarde desta quarta-feira (9), a interven\u00e7\u00e3o nos hospitais Metropolitano de Santa Rita e o Regional de Mamanguape, ambos geridos pelo IPCEP (Instituto de Psicologia Cl\u00ednica Educacional e Profissional), alvo da quinta fase da Opera\u00e7\u00e3o Calv\u00e1rio.<\/p>\n\n\n\n<p>Em nota enviada \u00e0 imprensa, o governo informou ainda que \u201cao mesmo tempo que decidiu pelo afastamento imediato de todas as pessoas respons\u00e1veis pela administra\u00e7\u00e3o da Organiza\u00e7\u00e3o Social citada nesta nova etapa da Opera\u00e7\u00e3o Calv\u00e1rio\u201d.<\/p>\n\n\n\n<p>Abaixo, a nota do Governo do Estado da Para\u00edba:<\/p>\n\n\n\n<p><em>O Governo do Estado, diante do ocorrido nesta quarta-feira (9) e visando preservar as institui\u00e7\u00f5es e manter os servi\u00e7os hospitalares com o devido atendimento \u00e0 popula\u00e7\u00e3o, determinou a interven\u00e7\u00e3o nos hospitais Metropolitano de Santa Rita e o Regional de Mamanguape, ao mesmo tempo que decidiu pelo afastamento imediato de todas as pessoas respons\u00e1veis pela administra\u00e7\u00e3o da Organiza\u00e7\u00e3o Social citada nesta nova etapa da Opera\u00e7\u00e3o Calv\u00e1rio.<\/em><\/p>\n\n\n\n<p><em>Com Mais PB<\/em><\/p>\n","protected":false},"excerpt":{"rendered":"<p>O Governo do Estado determinou, no in\u00edcio da tarde desta quarta-feira (9), a interven\u00e7\u00e3o nos hospitais Metropolitano de Santa Rita e o Regional de Mamanguape,&hellip; <\/p>\n","protected":false},"author":1,"featured_media":124998,"comment_status":"closed","ping_status":"closed","sticky":false,"template":"","format":"standard","meta":{"sfsi_plus_gutenberg_text_before_share":"","sfsi_plus_gutenberg_show_text_before_share":"","sfsi_plus_gutenberg_icon_type":"","sfsi_plus_gutenberg_icon_alignemt":"","sfsi_plus_gutenburg_max_per_row":"","footnotes":""},"categories":[11],"tags":[],"class_list":["post-124997","post","type-post","status-publish","format-standard","has-post-thumbnail","hentry","category-politica"],"_links":{"self":[{"href":"https:\/\/www.caririemacao.com\/1\/wp-json\/wp\/v2\/posts\/124997","targetHints":{"allow":["GET"]}}],"collection":[{"href":"https:\/\/www.caririemacao.com\/1\/wp-json\/wp\/v2\/posts"}],"about":[{"href":"https:\/\/www.caririemacao.com\/1\/wp-json\/wp\/v2\/types\/post"}],"author":[{"embeddable":true,"href":"https:\/\/www.caririemacao.com\/1\/wp-json\/wp\/v2\/users\/1"}],"replies":[{"embeddable":true,"href":"https:\/\/www.caririemacao.com\/1\/wp-json\/wp\/v2\/comments?post=124997"}],"version-history":[{"count":1,"href":"https:\/\/www.caririemacao.com\/1\/wp-json\/wp\/v2\/posts\/124997\/revisions"}],"predecessor-version":[{"id":124999,"href":"https:\/\/www.caririemacao.com\/1\/wp-json\/wp\/v2\/posts\/124997\/revisions\/124999"}],"wp:featuredmedia":[{"embeddable":true,"href":"https:\/\/www.caririemacao.com\/1\/wp-json\/wp\/v2\/media\/124998"}],"wp:attachment":[{"href":"https:\/\/www.caririemacao.com\/1\/wp-json\/wp\/v2\/media?parent=124997"}],"wp:term":[{"taxonomy":"category","embeddable":true,"href":"https:\/\/www.caririemacao.com\/1\/wp-json\/wp\/v2\/categories?post=124997"},{"taxonomy":"post_tag","embeddable":true,"href":"https:\/\/www.caririemacao.com\/1\/wp-json\/wp\/v2\/tags?post=124997"}],"curies":[{"name":"wp","href":"https:\/\/api.w.org\/{rel}","templated":true}]}}