{"id":125004,"date":"2019-10-09T17:35:06","date_gmt":"2019-10-09T20:35:06","guid":{"rendered":"http:\/\/www.caririemacao.com\/1\/?p=125004"},"modified":"2019-10-09T17:35:06","modified_gmt":"2019-10-09T20:35:06","slug":"joao-azevedo-apresenta-cinco-projetos-do-governo-para-receber-emendas-federais","status":"publish","type":"post","link":"https:\/\/www.caririemacao.com\/1\/2019\/10\/09\/joao-azevedo-apresenta-cinco-projetos-do-governo-para-receber-emendas-federais\/","title":{"rendered":"Jo\u00e3o Azev\u00eado apresenta cinco projetos do Governo para receber emendas federais"},"content":{"rendered":"\n<p>O governador Jo\u00e3o Azev\u00eado participou, nesta ter\u00e7a-feira (8), em Bras\u00edlia, de reuni\u00e3o com a bancada federal paraibana, ocasi\u00e3o em que foram iniciadas as discuss\u00f5es sobre a destina\u00e7\u00e3o de emendas para o or\u00e7amento geral da Uni\u00e3o referente ao exerc\u00edcio financeiro de 2020.<\/p>\n\n\n\n<p>Na oportunidade, o chefe do Executivo estadual apresentou aos parlamentares um conjunto de projetos que o Governo do Estado pleiteia recursos para sua execu\u00e7\u00e3o, a exemplo do Centro de Conven\u00e7\u00f5es de Campina Grande, Ramal Pianc\u00f3, Centros de Monitoramento e Controle, conjunto de adutoras e arco metropolitano de Jo\u00e3o Pessoa, empreendimentos que somam mais de R$ 490 milh\u00f5es.<\/p>\n\n\n\n<p>De acordo com o governador, a reuni\u00e3o foi uma oportunidade para detalhar \u00e0 bancada federal da Para\u00edba as a\u00e7\u00f5es priorit\u00e1rias da gest\u00e3o estadual. \u201cTodas as emendas s\u00e3o impositivas, tanto as de bancada quantos as individuais, com valores que somam R$ 247 milh\u00f5es, e esta \u00e9 a primeira reuni\u00e3o com a presen\u00e7a do Poder Executivo, prefeitos e entidades com a bancada federal para discutir a nova metodologia que ser\u00e1 utilizada para o or\u00e7amento de 2020\u201d, explicou.<\/p>\n\n\n\n<p>Jo\u00e3o Azev\u00eado tamb\u00e9m afirmou que uma nova reuni\u00e3o deve ser realizada com o objetivo de definir os valores destinados \u00e0s obras. \u201cN\u00f3s esperemos ter os melhores resultados para levar ao estado algo importante e que pode ajudar na resolu\u00e7\u00e3o de muitos problemas\u201d, pontuou.<\/p>\n","protected":false},"excerpt":{"rendered":"<p>O governador Jo\u00e3o Azev\u00eado participou, nesta ter\u00e7a-feira (8), em Bras\u00edlia, de reuni\u00e3o com a bancada federal paraibana, ocasi\u00e3o em que foram iniciadas as discuss\u00f5es sobre&hellip; <\/p>\n","protected":false},"author":1,"featured_media":125005,"comment_status":"closed","ping_status":"closed","sticky":false,"template":"","format":"standard","meta":{"sfsi_plus_gutenberg_text_before_share":"","sfsi_plus_gutenberg_show_text_before_share":"","sfsi_plus_gutenberg_icon_type":"","sfsi_plus_gutenberg_icon_alignemt":"","sfsi_plus_gutenburg_max_per_row":"","footnotes":""},"categories":[11],"tags":[],"class_list":["post-125004","post","type-post","status-publish","format-standard","has-post-thumbnail","hentry","category-politica"],"_links":{"self":[{"href":"https:\/\/www.caririemacao.com\/1\/wp-json\/wp\/v2\/posts\/125004","targetHints":{"allow":["GET"]}}],"collection":[{"href":"https:\/\/www.caririemacao.com\/1\/wp-json\/wp\/v2\/posts"}],"about":[{"href":"https:\/\/www.caririemacao.com\/1\/wp-json\/wp\/v2\/types\/post"}],"author":[{"embeddable":true,"href":"https:\/\/www.caririemacao.com\/1\/wp-json\/wp\/v2\/users\/1"}],"replies":[{"embeddable":true,"href":"https:\/\/www.caririemacao.com\/1\/wp-json\/wp\/v2\/comments?post=125004"}],"version-history":[{"count":1,"href":"https:\/\/www.caririemacao.com\/1\/wp-json\/wp\/v2\/posts\/125004\/revisions"}],"predecessor-version":[{"id":125006,"href":"https:\/\/www.caririemacao.com\/1\/wp-json\/wp\/v2\/posts\/125004\/revisions\/125006"}],"wp:featuredmedia":[{"embeddable":true,"href":"https:\/\/www.caririemacao.com\/1\/wp-json\/wp\/v2\/media\/125005"}],"wp:attachment":[{"href":"https:\/\/www.caririemacao.com\/1\/wp-json\/wp\/v2\/media?parent=125004"}],"wp:term":[{"taxonomy":"category","embeddable":true,"href":"https:\/\/www.caririemacao.com\/1\/wp-json\/wp\/v2\/categories?post=125004"},{"taxonomy":"post_tag","embeddable":true,"href":"https:\/\/www.caririemacao.com\/1\/wp-json\/wp\/v2\/tags?post=125004"}],"curies":[{"name":"wp","href":"https:\/\/api.w.org\/{rel}","templated":true}]}}