{"id":125007,"date":"2019-10-09T17:38:07","date_gmt":"2019-10-09T20:38:07","guid":{"rendered":"http:\/\/www.caririemacao.com\/1\/?p=125007"},"modified":"2019-10-09T17:38:07","modified_gmt":"2019-10-09T20:38:07","slug":"em-brasilia-prefeito-de-camalau-se-encontra-com-joao-azevedo-e-solicita-agenda","status":"publish","type":"post","link":"https:\/\/www.caririemacao.com\/1\/2019\/10\/09\/em-brasilia-prefeito-de-camalau-se-encontra-com-joao-azevedo-e-solicita-agenda\/","title":{"rendered":"Em Bras\u00edlia: prefeito de Camala\u00fa se encontra com Jo\u00e3o Azev\u00eado e solicita agenda"},"content":{"rendered":"\n<p>O prefeito da cidade de Camala\u00fa, Sandro M\u00f4co, est\u00e1 em Bras\u00edlia cumprindo agenda administrativa e se encontrou com o governador da Para\u00edba, Jo\u00e3o Azev\u00eado, em Bras\u00edlia, nesta ter\u00e7a-feira (8). Em contato com o&nbsp;<strong>Blog do Bruno Lira<\/strong>, Sandro afirmou que conversou rapidamente com Jo\u00e3o Azev\u00eado e que recebeu a garantia do governador que uma audi\u00eancia ser\u00e1 marcada no Pal\u00e1cio da Reden\u00e7\u00e3o para receber os pleitos do munic\u00edpio de Camala\u00fa.<\/p>\n\n\n\n<p>\u201cFoi uma conversa r\u00e1pida, mas o governador me garantiu que vai nos receber em uma audi\u00eancia que ser\u00e1 marcada com o secret\u00e1rio Ronaldo Guerra e Jo\u00e3o Gon\u00e7alves\u201d, disse Sandro.<\/p>\n\n\n\n<p>O prefeito de Camala\u00fa tamb\u00e9m esteve com o deputado Pedro Cunha Lima no Minist\u00e9rio da Sa\u00fade para tentar liberar uma emenda parlamentar do ex-senador C\u00e1ssio Cunha Lima, no valor de R$ 125.000,00 para constru\u00e7\u00e3o de uma academia da sa\u00fade.<\/p>\n\n\n\n<p><strong>Blog do Bruno Lira<\/strong><\/p>\n","protected":false},"excerpt":{"rendered":"<p>O prefeito da cidade de Camala\u00fa, Sandro M\u00f4co, est\u00e1 em Bras\u00edlia cumprindo agenda administrativa e se encontrou com o governador da Para\u00edba, Jo\u00e3o Azev\u00eado, em&hellip; <\/p>\n","protected":false},"author":1,"featured_media":125008,"comment_status":"closed","ping_status":"closed","sticky":false,"template":"","format":"standard","meta":{"sfsi_plus_gutenberg_text_before_share":"","sfsi_plus_gutenberg_show_text_before_share":"","sfsi_plus_gutenberg_icon_type":"","sfsi_plus_gutenberg_icon_alignemt":"","sfsi_plus_gutenburg_max_per_row":"","footnotes":""},"categories":[6,50],"tags":[],"class_list":["post-125007","post","type-post","status-publish","format-standard","has-post-thumbnail","hentry","category-cidades","category-destaque"],"_links":{"self":[{"href":"https:\/\/www.caririemacao.com\/1\/wp-json\/wp\/v2\/posts\/125007","targetHints":{"allow":["GET"]}}],"collection":[{"href":"https:\/\/www.caririemacao.com\/1\/wp-json\/wp\/v2\/posts"}],"about":[{"href":"https:\/\/www.caririemacao.com\/1\/wp-json\/wp\/v2\/types\/post"}],"author":[{"embeddable":true,"href":"https:\/\/www.caririemacao.com\/1\/wp-json\/wp\/v2\/users\/1"}],"replies":[{"embeddable":true,"href":"https:\/\/www.caririemacao.com\/1\/wp-json\/wp\/v2\/comments?post=125007"}],"version-history":[{"count":1,"href":"https:\/\/www.caririemacao.com\/1\/wp-json\/wp\/v2\/posts\/125007\/revisions"}],"predecessor-version":[{"id":125009,"href":"https:\/\/www.caririemacao.com\/1\/wp-json\/wp\/v2\/posts\/125007\/revisions\/125009"}],"wp:featuredmedia":[{"embeddable":true,"href":"https:\/\/www.caririemacao.com\/1\/wp-json\/wp\/v2\/media\/125008"}],"wp:attachment":[{"href":"https:\/\/www.caririemacao.com\/1\/wp-json\/wp\/v2\/media?parent=125007"}],"wp:term":[{"taxonomy":"category","embeddable":true,"href":"https:\/\/www.caririemacao.com\/1\/wp-json\/wp\/v2\/categories?post=125007"},{"taxonomy":"post_tag","embeddable":true,"href":"https:\/\/www.caririemacao.com\/1\/wp-json\/wp\/v2\/tags?post=125007"}],"curies":[{"name":"wp","href":"https:\/\/api.w.org\/{rel}","templated":true}]}}