{"id":125010,"date":"2019-10-09T17:50:45","date_gmt":"2019-10-09T20:50:45","guid":{"rendered":"http:\/\/www.caririemacao.com\/1\/?p=125010"},"modified":"2019-10-09T17:50:45","modified_gmt":"2019-10-09T20:50:45","slug":"diretores-dos-campi-fora-de-sede-da-ufcg-se-reunem-no-campus-sume","status":"publish","type":"post","link":"https:\/\/www.caririemacao.com\/1\/2019\/10\/09\/diretores-dos-campi-fora-de-sede-da-ufcg-se-reunem-no-campus-sume\/","title":{"rendered":"Diretores dos campi fora de sede da UFCG se re\u00fanem no Campus Sum\u00e9"},"content":{"rendered":"\n<p>Foi realizada na manh\u00e3 dessa quarta-feira, 9 de outubro, no Centro de Desenvolvimento Sustent\u00e1vel do Semi\u00e1rido, uma reuni\u00e3o com os diretores de centros dos campi fora da sede da Universidade Federal de Campina Grande. O encontro teve como objetivo discutir assuntos administrativos comuns a todos os centros.<\/p>\n\n\n\n<figure class=\"wp-block-image\"><img decoding=\"async\" data-src=\"http:\/\/www.cdsa.ufcg.edu.br\/cdsa\/images\/conteudo\/Reuniao-DiretoresCentros-no-CDSA-3.jpg\" alt=\"\" src=\"data:image\/svg+xml;base64,PHN2ZyB3aWR0aD0iMSIgaGVpZ2h0PSIxIiB4bWxucz0iaHR0cDovL3d3dy53My5vcmcvMjAwMC9zdmciPjwvc3ZnPg==\" class=\"lazyload\" \/><\/figure>\n\n\n\n<p>Participaram o diretor do CDSA, Hugo Morais de Alc\u00e2ntara, o&nbsp;vice-diretor do CDSA, Franklin Ferreira de Farias N\u00f3brega e os diretores Jos\u00e9 Justino Filho (Centro de Educa\u00e7\u00e3o e Sa\u00fade-CES &#8211; Campus de Cuit\u00e9), S\u00e9rgio Ricardo Ara\u00fajo de Melo e Silva (Centro de Sa\u00fade e Tecnologia Rural \u2013 CSTR &#8211; Campus de Patos) e Anielson dos Santos Souza (Centro de Ci\u00eancias e Tecnologia Agroalimentar-CCTA &#8211; Campus de Pombal).<\/p>\n\n\n\n<figure class=\"wp-block-image\"><img decoding=\"async\" data-src=\"http:\/\/www.cdsa.ufcg.edu.br\/cdsa\/images\/conteudo\/Reuniao-DiretoresCentros-no-CDSA-2.jpg\" alt=\"\" src=\"data:image\/svg+xml;base64,PHN2ZyB3aWR0aD0iMSIgaGVpZ2h0PSIxIiB4bWxucz0iaHR0cDovL3d3dy53My5vcmcvMjAwMC9zdmciPjwvc3ZnPg==\" class=\"lazyload\" \/><\/figure>\n\n\n\n<p>Na ocasi\u00e3o, ainda em comemora\u00e7\u00e3o aos 10 anos do CDSA, o diretor Hugo Morais entregou o trof\u00e9u de homenagem ao diretor do CES, Jos\u00e9 Justino Filho, que tamb\u00e9m contribuiu para as primeiras atividades acad\u00eamicas do CDSA, ministrando aulas no Campus Sum\u00e9.<\/p>\n\n\n\n<p>Assimp CDSA\/UFCG<\/p>\n","protected":false},"excerpt":{"rendered":"<p>Foi realizada na manh\u00e3 dessa quarta-feira, 9 de outubro, no Centro de Desenvolvimento Sustent\u00e1vel do Semi\u00e1rido, uma reuni\u00e3o com os diretores de centros dos campi&hellip; <\/p>\n","protected":false},"author":1,"featured_media":125011,"comment_status":"closed","ping_status":"closed","sticky":false,"template":"","format":"standard","meta":{"sfsi_plus_gutenberg_text_before_share":"","sfsi_plus_gutenberg_show_text_before_share":"","sfsi_plus_gutenberg_icon_type":"","sfsi_plus_gutenberg_icon_alignemt":"","sfsi_plus_gutenburg_max_per_row":"","footnotes":""},"categories":[14],"tags":[],"class_list":["post-125010","post","type-post","status-publish","format-standard","has-post-thumbnail","hentry","category-educacao"],"_links":{"self":[{"href":"https:\/\/www.caririemacao.com\/1\/wp-json\/wp\/v2\/posts\/125010","targetHints":{"allow":["GET"]}}],"collection":[{"href":"https:\/\/www.caririemacao.com\/1\/wp-json\/wp\/v2\/posts"}],"about":[{"href":"https:\/\/www.caririemacao.com\/1\/wp-json\/wp\/v2\/types\/post"}],"author":[{"embeddable":true,"href":"https:\/\/www.caririemacao.com\/1\/wp-json\/wp\/v2\/users\/1"}],"replies":[{"embeddable":true,"href":"https:\/\/www.caririemacao.com\/1\/wp-json\/wp\/v2\/comments?post=125010"}],"version-history":[{"count":1,"href":"https:\/\/www.caririemacao.com\/1\/wp-json\/wp\/v2\/posts\/125010\/revisions"}],"predecessor-version":[{"id":125012,"href":"https:\/\/www.caririemacao.com\/1\/wp-json\/wp\/v2\/posts\/125010\/revisions\/125012"}],"wp:featuredmedia":[{"embeddable":true,"href":"https:\/\/www.caririemacao.com\/1\/wp-json\/wp\/v2\/media\/125011"}],"wp:attachment":[{"href":"https:\/\/www.caririemacao.com\/1\/wp-json\/wp\/v2\/media?parent=125010"}],"wp:term":[{"taxonomy":"category","embeddable":true,"href":"https:\/\/www.caririemacao.com\/1\/wp-json\/wp\/v2\/categories?post=125010"},{"taxonomy":"post_tag","embeddable":true,"href":"https:\/\/www.caririemacao.com\/1\/wp-json\/wp\/v2\/tags?post=125010"}],"curies":[{"name":"wp","href":"https:\/\/api.w.org\/{rel}","templated":true}]}}