{"id":125023,"date":"2019-10-09T21:13:51","date_gmt":"2019-10-10T00:13:51","guid":{"rendered":"http:\/\/www.caririemacao.com\/1\/?p=125023"},"modified":"2019-10-09T21:13:51","modified_gmt":"2019-10-10T00:13:51","slug":"monteirense-desaparecida-ha-mais-de-10-dias-pode-ser-a-mulher-encontrada-morta-em-sertania-pe","status":"publish","type":"post","link":"https:\/\/www.caririemacao.com\/1\/2019\/10\/09\/monteirense-desaparecida-ha-mais-de-10-dias-pode-ser-a-mulher-encontrada-morta-em-sertania-pe\/","title":{"rendered":"Monteirense desaparecida h\u00e1 mais de 10 dias pode ser a mulher encontrada morta em Sert\u00e2nia\/PE"},"content":{"rendered":"\n<p>A jovem Aline Barros da Silva de 26 anos, moradora da Vila\nSanta Maria (Vila da Papa), na cidade de Monteiro, regi\u00e3o do Cariri da Para\u00edba,\nest\u00e1 desaparecida h\u00e1 mais de 10 dias e sua fam\u00edlia n\u00e3o tem nenhuma informa\u00e7\u00e3o\nde seu paradeiro.<\/p>\n\n\n\n<p>As \u00fanicas informa\u00e7\u00f5es repassadas ao Cariri em A\u00e7\u00e3o \u00e9 de que Aline\nestava na sexta-feira, dia 27 de setembro com alguns colegas bebendo em sua resid\u00eancia\nna Vila Santa Maria (Vila da Papa), e que na manh\u00e3 do s\u00e1bado (28), Aline entrou\nem um carro com o mesmo pessoal que estava em sua casa. Depois deste dia, a\njovem n\u00e3o foi mais vista. Aline estava separada h\u00e1 quase um ano. <\/p>\n\n\n\n<p>Depois que foi encontrada uma mulher morta no canal da\ntransposi\u00e7\u00e3o com as mesmas caracter\u00edsticas de Aline, aumentaram as\npossibilidades do corpo ser da jovem desaparecida. Um v\u00eddeo divulgado nas redes\nsociais mostra que a mulher encontrada em Sert\u00e2nia foi morta com sinais de\ncrueldade, tendo inclusive suas pernas e seus bra\u00e7os amarrados, e jogada no\ncanal sentido Cust\u00f3dia\/PE.<\/p>\n\n\n\n<p>O corpo da mulher foi encaminhado para per\u00edcia e nestas\npr\u00f3ximas horas deve ser divulgada a identidade da v\u00edtima. <\/p>\n","protected":false},"excerpt":{"rendered":"<p>A jovem Aline Barros da Silva de 26 anos, moradora da Vila Santa Maria (Vila da Papa), na cidade de Monteiro, regi\u00e3o do Cariri da&hellip; <\/p>\n","protected":false},"author":2,"featured_media":125024,"comment_status":"closed","ping_status":"closed","sticky":false,"template":"","format":"standard","meta":{"sfsi_plus_gutenberg_text_before_share":"","sfsi_plus_gutenberg_show_text_before_share":"","sfsi_plus_gutenberg_icon_type":"","sfsi_plus_gutenberg_icon_alignemt":"","sfsi_plus_gutenburg_max_per_row":"","footnotes":""},"categories":[50,12],"tags":[],"class_list":["post-125023","post","type-post","status-publish","format-standard","has-post-thumbnail","hentry","category-destaque","category-policia"],"_links":{"self":[{"href":"https:\/\/www.caririemacao.com\/1\/wp-json\/wp\/v2\/posts\/125023","targetHints":{"allow":["GET"]}}],"collection":[{"href":"https:\/\/www.caririemacao.com\/1\/wp-json\/wp\/v2\/posts"}],"about":[{"href":"https:\/\/www.caririemacao.com\/1\/wp-json\/wp\/v2\/types\/post"}],"author":[{"embeddable":true,"href":"https:\/\/www.caririemacao.com\/1\/wp-json\/wp\/v2\/users\/2"}],"replies":[{"embeddable":true,"href":"https:\/\/www.caririemacao.com\/1\/wp-json\/wp\/v2\/comments?post=125023"}],"version-history":[{"count":1,"href":"https:\/\/www.caririemacao.com\/1\/wp-json\/wp\/v2\/posts\/125023\/revisions"}],"predecessor-version":[{"id":125025,"href":"https:\/\/www.caririemacao.com\/1\/wp-json\/wp\/v2\/posts\/125023\/revisions\/125025"}],"wp:featuredmedia":[{"embeddable":true,"href":"https:\/\/www.caririemacao.com\/1\/wp-json\/wp\/v2\/media\/125024"}],"wp:attachment":[{"href":"https:\/\/www.caririemacao.com\/1\/wp-json\/wp\/v2\/media?parent=125023"}],"wp:term":[{"taxonomy":"category","embeddable":true,"href":"https:\/\/www.caririemacao.com\/1\/wp-json\/wp\/v2\/categories?post=125023"},{"taxonomy":"post_tag","embeddable":true,"href":"https:\/\/www.caririemacao.com\/1\/wp-json\/wp\/v2\/tags?post=125023"}],"curies":[{"name":"wp","href":"https:\/\/api.w.org\/{rel}","templated":true}]}}