{"id":125036,"date":"2019-10-09T23:15:13","date_gmt":"2019-10-10T02:15:13","guid":{"rendered":"http:\/\/www.caririemacao.com\/1\/?p=125036"},"modified":"2019-10-09T23:15:13","modified_gmt":"2019-10-10T02:15:13","slug":"determinacao-em-brasilia-prefeito-sandro-moco-busca-recursos-para-obras-e-melhorias-para-camalau","status":"publish","type":"post","link":"https:\/\/www.caririemacao.com\/1\/2019\/10\/09\/determinacao-em-brasilia-prefeito-sandro-moco-busca-recursos-para-obras-e-melhorias-para-camalau\/","title":{"rendered":"DETERMINA\u00c7\u00c3O: Em Bras\u00edlia, prefeito Sandro M\u00f4co busca recursos para obras e melhorias para Camala\u00fa"},"content":{"rendered":"\n<p>O prefeito de Camala\u00fa, Sandro M\u00f4co, esteve nesta quarta-feira, dia 09, no gabinete da senadora paraibana, Daniella Ribeiro, solicitando recursos para reforma do nosso mercado p\u00fablico e pavimenta\u00e7\u00e3o asf\u00e1ltica em diversas ruas do nosso munic\u00edpio.<\/p>\n\n\n\n<p> J\u00e1 a noite, ao lado do Deputado Federal, Pedro Cunha Lima, que tem sido um grande parceiro da administra\u00e7\u00e3o em Camala\u00fa, o prefeito se reuniu o presidente do FNDE para tratar da imediata libera\u00e7\u00e3o de recursos para a constru\u00e7\u00e3o da nossa creche e de uma quadra poliesportiva coberta no Centro Educacional Odete Maciel Firmo.<\/p>\n","protected":false},"excerpt":{"rendered":"<p>O prefeito de Camala\u00fa, Sandro M\u00f4co, esteve nesta quarta-feira, dia 09, no gabinete da senadora paraibana, Daniella Ribeiro, solicitando recursos para reforma do nosso mercado&hellip; <\/p>\n","protected":false},"author":2,"featured_media":125032,"comment_status":"closed","ping_status":"closed","sticky":false,"template":"","format":"standard","meta":{"sfsi_plus_gutenberg_text_before_share":"","sfsi_plus_gutenberg_show_text_before_share":"","sfsi_plus_gutenberg_icon_type":"","sfsi_plus_gutenberg_icon_alignemt":"","sfsi_plus_gutenburg_max_per_row":"","footnotes":""},"categories":[6,50],"tags":[],"class_list":["post-125036","post","type-post","status-publish","format-standard","has-post-thumbnail","hentry","category-cidades","category-destaque"],"_links":{"self":[{"href":"https:\/\/www.caririemacao.com\/1\/wp-json\/wp\/v2\/posts\/125036","targetHints":{"allow":["GET"]}}],"collection":[{"href":"https:\/\/www.caririemacao.com\/1\/wp-json\/wp\/v2\/posts"}],"about":[{"href":"https:\/\/www.caririemacao.com\/1\/wp-json\/wp\/v2\/types\/post"}],"author":[{"embeddable":true,"href":"https:\/\/www.caririemacao.com\/1\/wp-json\/wp\/v2\/users\/2"}],"replies":[{"embeddable":true,"href":"https:\/\/www.caririemacao.com\/1\/wp-json\/wp\/v2\/comments?post=125036"}],"version-history":[{"count":1,"href":"https:\/\/www.caririemacao.com\/1\/wp-json\/wp\/v2\/posts\/125036\/revisions"}],"predecessor-version":[{"id":125037,"href":"https:\/\/www.caririemacao.com\/1\/wp-json\/wp\/v2\/posts\/125036\/revisions\/125037"}],"wp:featuredmedia":[{"embeddable":true,"href":"https:\/\/www.caririemacao.com\/1\/wp-json\/wp\/v2\/media\/125032"}],"wp:attachment":[{"href":"https:\/\/www.caririemacao.com\/1\/wp-json\/wp\/v2\/media?parent=125036"}],"wp:term":[{"taxonomy":"category","embeddable":true,"href":"https:\/\/www.caririemacao.com\/1\/wp-json\/wp\/v2\/categories?post=125036"},{"taxonomy":"post_tag","embeddable":true,"href":"https:\/\/www.caririemacao.com\/1\/wp-json\/wp\/v2\/tags?post=125036"}],"curies":[{"name":"wp","href":"https:\/\/api.w.org\/{rel}","templated":true}]}}