{"id":125527,"date":"2019-10-11T07:03:59","date_gmt":"2019-10-11T10:03:59","guid":{"rendered":"http:\/\/www.caririemacao.com\/1\/?p=125527"},"modified":"2019-10-11T07:03:59","modified_gmt":"2019-10-11T10:03:59","slug":"adolescente-e-apreendido-suspeito-de-agredir-e-abusar-sexualmente-de-idosa-na-paraiba","status":"publish","type":"post","link":"https:\/\/www.caririemacao.com\/1\/2019\/10\/11\/adolescente-e-apreendido-suspeito-de-agredir-e-abusar-sexualmente-de-idosa-na-paraiba\/","title":{"rendered":"Adolescente \u00e9 apreendido suspeito de agredir e abusar sexualmente de idosa na Para\u00edba"},"content":{"rendered":"\n<p> Um adolescente foi apreendido, na noite desta quinta-feira (11), suspeito de agredir e abusar sexualmente de uma idosa, de 71 anos, na Zona Rural da cidade de Amparo, na Para\u00edba. De acordo com informa\u00e7\u00f5es da Pol\u00edcia Civil, a m\u00e3e do adolescente cuidava da v\u00edtima, por isso o menor tinha acesso a resid\u00eancia.<\/p>\n\n\n\n<p>Um parente da idosa que reside nas proximidades da casa percebeu algo estranho e ao chegar no local presenciou o crime.&nbsp;<\/p>\n\n\n\n<p>O adolescente foi apreendido e&nbsp;encaminhado por uma equipe do Conselho Tutelar para Delegacia da Pol\u00edcia Civil de Monteiro.&nbsp;<\/p>\n\n\n\n<p>&nbsp;A idosa foi socorrida para o Hospital Regional de Sum\u00e9. O estado de sa\u00fade n\u00e3o foi divulgado.<\/p>\n","protected":false},"excerpt":{"rendered":"<p>Um adolescente foi apreendido, na noite desta quinta-feira (11), suspeito de agredir e abusar sexualmente de uma idosa, de 71 anos, na Zona Rural da&hellip; <\/p>\n","protected":false},"author":1,"featured_media":125529,"comment_status":"closed","ping_status":"closed","sticky":false,"template":"","format":"standard","meta":{"sfsi_plus_gutenberg_text_before_share":"","sfsi_plus_gutenberg_show_text_before_share":"","sfsi_plus_gutenberg_icon_type":"","sfsi_plus_gutenberg_icon_alignemt":"","sfsi_plus_gutenburg_max_per_row":"","footnotes":""},"categories":[12],"tags":[],"class_list":["post-125527","post","type-post","status-publish","format-standard","has-post-thumbnail","hentry","category-policia"],"_links":{"self":[{"href":"https:\/\/www.caririemacao.com\/1\/wp-json\/wp\/v2\/posts\/125527","targetHints":{"allow":["GET"]}}],"collection":[{"href":"https:\/\/www.caririemacao.com\/1\/wp-json\/wp\/v2\/posts"}],"about":[{"href":"https:\/\/www.caririemacao.com\/1\/wp-json\/wp\/v2\/types\/post"}],"author":[{"embeddable":true,"href":"https:\/\/www.caririemacao.com\/1\/wp-json\/wp\/v2\/users\/1"}],"replies":[{"embeddable":true,"href":"https:\/\/www.caririemacao.com\/1\/wp-json\/wp\/v2\/comments?post=125527"}],"version-history":[{"count":1,"href":"https:\/\/www.caririemacao.com\/1\/wp-json\/wp\/v2\/posts\/125527\/revisions"}],"predecessor-version":[{"id":125530,"href":"https:\/\/www.caririemacao.com\/1\/wp-json\/wp\/v2\/posts\/125527\/revisions\/125530"}],"wp:featuredmedia":[{"embeddable":true,"href":"https:\/\/www.caririemacao.com\/1\/wp-json\/wp\/v2\/media\/125529"}],"wp:attachment":[{"href":"https:\/\/www.caririemacao.com\/1\/wp-json\/wp\/v2\/media?parent=125527"}],"wp:term":[{"taxonomy":"category","embeddable":true,"href":"https:\/\/www.caririemacao.com\/1\/wp-json\/wp\/v2\/categories?post=125527"},{"taxonomy":"post_tag","embeddable":true,"href":"https:\/\/www.caririemacao.com\/1\/wp-json\/wp\/v2\/tags?post=125527"}],"curies":[{"name":"wp","href":"https:\/\/api.w.org\/{rel}","templated":true}]}}