{"id":125537,"date":"2019-10-11T07:07:22","date_gmt":"2019-10-11T10:07:22","guid":{"rendered":"http:\/\/www.caririemacao.com\/1\/?p=125537"},"modified":"2019-10-11T07:07:22","modified_gmt":"2019-10-11T10:07:22","slug":"primeiro-ministro-da-etiopia-ganha-nobel-da-paz","status":"publish","type":"post","link":"https:\/\/www.caririemacao.com\/1\/2019\/10\/11\/primeiro-ministro-da-etiopia-ganha-nobel-da-paz\/","title":{"rendered":"Primeiro-ministro da Eti\u00f3pia ganha Nobel da Paz"},"content":{"rendered":"\n<p> A Academia Sueca concedeu ao primeiro-ministro da Eti\u00f3pia, Abiy Ahmed, o Pr\u00eamio Nobel da Paz pelos seus esfor\u00e7os para alcan\u00e7ar a paz na Eritreia. O an\u00fancio foi feito nesta sexta-feira (11) em Oslo, na Noruega.<\/p>\n\n\n\n<p>\u201cO primeiro-ministro da Eti\u00f3pia, Abiy Ahmed, foi este ano galardoado com o Pr\u00eamio Nobel da Paz pelos esfor\u00e7os para alcan\u00e7ar a paz e a coopera\u00e7\u00e3o internacional e, em particular, pela sua iniciativa decisiva para resolver o conflito fronteiri\u00e7o com a vizinha Eritreia\u201d, afirmou o Comit\u00ea.<\/p>\n\n\n\n<p>A Eti\u00f3pia e a Eritreia s\u00e3o inimigos de longa data, tendo travado uma guerra na fronteira entre 1998 e 2000 e restaurado as rela\u00e7\u00f5es apenas em julho de 2018, ap\u00f3s d\u00e9cadas de hostilidade.<\/p>\n","protected":false},"excerpt":{"rendered":"<p>A Academia Sueca concedeu ao primeiro-ministro da Eti\u00f3pia, Abiy Ahmed, o Pr\u00eamio Nobel da Paz pelos seus esfor\u00e7os para alcan\u00e7ar a paz na Eritreia. O&hellip; <\/p>\n","protected":false},"author":1,"featured_media":125539,"comment_status":"closed","ping_status":"closed","sticky":false,"template":"","format":"standard","meta":{"sfsi_plus_gutenberg_text_before_share":"","sfsi_plus_gutenberg_show_text_before_share":"","sfsi_plus_gutenberg_icon_type":"","sfsi_plus_gutenberg_icon_alignemt":"","sfsi_plus_gutenburg_max_per_row":"","footnotes":""},"categories":[11],"tags":[],"class_list":["post-125537","post","type-post","status-publish","format-standard","has-post-thumbnail","hentry","category-politica"],"_links":{"self":[{"href":"https:\/\/www.caririemacao.com\/1\/wp-json\/wp\/v2\/posts\/125537","targetHints":{"allow":["GET"]}}],"collection":[{"href":"https:\/\/www.caririemacao.com\/1\/wp-json\/wp\/v2\/posts"}],"about":[{"href":"https:\/\/www.caririemacao.com\/1\/wp-json\/wp\/v2\/types\/post"}],"author":[{"embeddable":true,"href":"https:\/\/www.caririemacao.com\/1\/wp-json\/wp\/v2\/users\/1"}],"replies":[{"embeddable":true,"href":"https:\/\/www.caririemacao.com\/1\/wp-json\/wp\/v2\/comments?post=125537"}],"version-history":[{"count":1,"href":"https:\/\/www.caririemacao.com\/1\/wp-json\/wp\/v2\/posts\/125537\/revisions"}],"predecessor-version":[{"id":125540,"href":"https:\/\/www.caririemacao.com\/1\/wp-json\/wp\/v2\/posts\/125537\/revisions\/125540"}],"wp:featuredmedia":[{"embeddable":true,"href":"https:\/\/www.caririemacao.com\/1\/wp-json\/wp\/v2\/media\/125539"}],"wp:attachment":[{"href":"https:\/\/www.caririemacao.com\/1\/wp-json\/wp\/v2\/media?parent=125537"}],"wp:term":[{"taxonomy":"category","embeddable":true,"href":"https:\/\/www.caririemacao.com\/1\/wp-json\/wp\/v2\/categories?post=125537"},{"taxonomy":"post_tag","embeddable":true,"href":"https:\/\/www.caririemacao.com\/1\/wp-json\/wp\/v2\/tags?post=125537"}],"curies":[{"name":"wp","href":"https:\/\/api.w.org\/{rel}","templated":true}]}}