{"id":125574,"date":"2019-10-11T07:12:56","date_gmt":"2019-10-11T10:12:56","guid":{"rendered":"http:\/\/www.caririemacao.com\/1\/?p=125574"},"modified":"2019-10-11T07:12:56","modified_gmt":"2019-10-11T10:12:56","slug":"pedreiro-e-morto-a-tiros-apos-discussao-em-obra-em-esperanca","status":"publish","type":"post","link":"https:\/\/www.caririemacao.com\/1\/2019\/10\/11\/pedreiro-e-morto-a-tiros-apos-discussao-em-obra-em-esperanca\/","title":{"rendered":"Pedreiro \u00e9 morto a tiros ap\u00f3s discuss\u00e3o em obra em Esperan\u00e7a"},"content":{"rendered":"\n<p> Um pedreiro de 45 anos foi morto com um tiro na cabe\u00e7a na tarde desta quinta-feira (10), no munic\u00edpio de Esperan\u00e7a. De acordo com a Pol\u00edcia Militar (PM), o suspeito de cometer o crime \u00e9 um colega de trabalho dele.<\/p>\n\n\n\n<p>De acordo com informa\u00e7\u00f5es da Pol\u00edcia Militar, o crime teria acontecido depois de uma discuss\u00e3o. Eles estavam trabalhando em uma obra dentro de uma resid\u00eancia.<\/p>\n\n\n\n<p>Ainda de acordo com PM, um servente tamb\u00e9m ficou ferido e foi encaminhado ao Hospital de Trauma de Campina Grande. O estado de sa\u00fade n\u00e3o foi divulgado.<\/p>\n\n\n\n<p>A pol\u00edcia informou tamb\u00e9m que o suspeito de 43 anos foi preso e foi encaminhado \u00e0 Delegacia da cidade.&nbsp;<\/p>\n\n\n\n<p>A arma, que teria sido usada no crime, tamb\u00e9m foi apreendida.<\/p>\n","protected":false},"excerpt":{"rendered":"<p>Um pedreiro de 45 anos foi morto com um tiro na cabe\u00e7a na tarde desta quinta-feira (10), no munic\u00edpio de Esperan\u00e7a. De acordo com a&hellip; <\/p>\n","protected":false},"author":1,"featured_media":125576,"comment_status":"closed","ping_status":"closed","sticky":false,"template":"","format":"standard","meta":{"sfsi_plus_gutenberg_text_before_share":"","sfsi_plus_gutenberg_show_text_before_share":"","sfsi_plus_gutenberg_icon_type":"","sfsi_plus_gutenberg_icon_alignemt":"","sfsi_plus_gutenburg_max_per_row":"","footnotes":""},"categories":[12],"tags":[],"class_list":["post-125574","post","type-post","status-publish","format-standard","has-post-thumbnail","hentry","category-policia"],"_links":{"self":[{"href":"https:\/\/www.caririemacao.com\/1\/wp-json\/wp\/v2\/posts\/125574","targetHints":{"allow":["GET"]}}],"collection":[{"href":"https:\/\/www.caririemacao.com\/1\/wp-json\/wp\/v2\/posts"}],"about":[{"href":"https:\/\/www.caririemacao.com\/1\/wp-json\/wp\/v2\/types\/post"}],"author":[{"embeddable":true,"href":"https:\/\/www.caririemacao.com\/1\/wp-json\/wp\/v2\/users\/1"}],"replies":[{"embeddable":true,"href":"https:\/\/www.caririemacao.com\/1\/wp-json\/wp\/v2\/comments?post=125574"}],"version-history":[{"count":1,"href":"https:\/\/www.caririemacao.com\/1\/wp-json\/wp\/v2\/posts\/125574\/revisions"}],"predecessor-version":[{"id":125577,"href":"https:\/\/www.caririemacao.com\/1\/wp-json\/wp\/v2\/posts\/125574\/revisions\/125577"}],"wp:featuredmedia":[{"embeddable":true,"href":"https:\/\/www.caririemacao.com\/1\/wp-json\/wp\/v2\/media\/125576"}],"wp:attachment":[{"href":"https:\/\/www.caririemacao.com\/1\/wp-json\/wp\/v2\/media?parent=125574"}],"wp:term":[{"taxonomy":"category","embeddable":true,"href":"https:\/\/www.caririemacao.com\/1\/wp-json\/wp\/v2\/categories?post=125574"},{"taxonomy":"post_tag","embeddable":true,"href":"https:\/\/www.caririemacao.com\/1\/wp-json\/wp\/v2\/tags?post=125574"}],"curies":[{"name":"wp","href":"https:\/\/api.w.org\/{rel}","templated":true}]}}