{"id":125586,"date":"2019-10-11T07:20:10","date_gmt":"2019-10-11T10:20:10","guid":{"rendered":"http:\/\/www.caririemacao.com\/1\/?p=125586"},"modified":"2019-10-11T07:20:10","modified_gmt":"2019-10-11T10:20:10","slug":"dia-mundial-chama-atencao-para-o-estigma-da-obesidade","status":"publish","type":"post","link":"https:\/\/www.caririemacao.com\/1\/2019\/10\/11\/dia-mundial-chama-atencao-para-o-estigma-da-obesidade\/","title":{"rendered":"Dia mundial chama aten\u00e7\u00e3o para o estigma da obesidade"},"content":{"rendered":"\n<p> O dia 11 de outubro \u00e9 a data em que se celebra o Dia Mundial da Obesidade, e na\u00a0campanha deste ano, a Sociedade Brasileira de Endocrinologia e Metabologia e a Associa\u00e7\u00e3o Brasileira para Estudo da Obesidade e S\u00edndrome Metab\u00f3lica trazem a mensagem sobre a import\u00e2ncia do combate \u00e0 discrimina\u00e7\u00e3o por causa do peso e de tratar o assunto com respeito.&#8221;Obesidade Eu Trato com Respeito&#8221;, \u00e9 o tema da campanha.<\/p>\n\n\n\n<p>\u201c\u00c9 fundamental aumentar a conscientiza\u00e7\u00e3o sobre preval\u00eancia, gravidade e diversidade do estigma do peso. Os retratos da obesidade na m\u00eddia frequentemente refor\u00e7am estere\u00f3tipos imprecisos e negativos sobre as pessoas obesas, o que pode levar ao estigma do peso. As campanhas pedem uma movimenta\u00e7\u00e3o para acabar com o uso de linguagem e imagens estigmatizantes e retratar a obesidade de maneira justa, precisa e informativa\u201d, dizem as entidades.<\/p>\n\n\n\n<p>Al\u00e9m de reduzir a qualidade de vida, a obesidade \u00e9 fator de risco e agravante de doen\u00e7as como diabetes, doen\u00e7as cardiovasculares, asma, gordura no f\u00edgado e at\u00e9 alguns tipos de c\u00e2ncer. O tratamento deve ser cont\u00ednuo e acompanhado por profissionais capacitados para que o quadro n\u00e3o piore com o passar dos anos.<\/p>\n\n\n\n<p>A data foi proclamada em 2015 pela Organiza\u00e7\u00e3o Mundial da Sa\u00fade (OMS) para apoiar solu\u00e7\u00f5es que ajudem as pessoas a alcan\u00e7ar e manter um peso saud\u00e1vel e estimular pol\u00edticas de combate a esse problema de sa\u00fade p\u00fablica. Cerca de 13% da popula\u00e7\u00e3o adulta do mundo \u00e9 obesa. No Brasil, mais da metade dos brasileiros, 55,7%, est\u00e3o com excesso de peso e a&nbsp;<a href=\"http:\/\/agenciabrasil.ebc.com.br\/saude\/noticia\/2019-07\/obesidade-aumentou-no-pais-entre-2006-e-2018-diz-pesquisa\" target=\"_blank\" rel=\"noreferrer noopener\">preval\u00eancia da obesidade \u00e9 de 19,8%<\/a>.<\/p>\n","protected":false},"excerpt":{"rendered":"<p>O dia 11 de outubro \u00e9 a data em que se celebra o Dia Mundial da Obesidade, e na\u00a0campanha deste ano, a Sociedade Brasileira de&hellip; <\/p>\n","protected":false},"author":1,"featured_media":106702,"comment_status":"closed","ping_status":"closed","sticky":false,"template":"","format":"standard","meta":{"sfsi_plus_gutenberg_text_before_share":"","sfsi_plus_gutenberg_show_text_before_share":"","sfsi_plus_gutenberg_icon_type":"","sfsi_plus_gutenberg_icon_alignemt":"","sfsi_plus_gutenburg_max_per_row":"","footnotes":""},"categories":[16],"tags":[],"class_list":["post-125586","post","type-post","status-publish","format-standard","has-post-thumbnail","hentry","category-saude"],"_links":{"self":[{"href":"https:\/\/www.caririemacao.com\/1\/wp-json\/wp\/v2\/posts\/125586","targetHints":{"allow":["GET"]}}],"collection":[{"href":"https:\/\/www.caririemacao.com\/1\/wp-json\/wp\/v2\/posts"}],"about":[{"href":"https:\/\/www.caririemacao.com\/1\/wp-json\/wp\/v2\/types\/post"}],"author":[{"embeddable":true,"href":"https:\/\/www.caririemacao.com\/1\/wp-json\/wp\/v2\/users\/1"}],"replies":[{"embeddable":true,"href":"https:\/\/www.caririemacao.com\/1\/wp-json\/wp\/v2\/comments?post=125586"}],"version-history":[{"count":1,"href":"https:\/\/www.caririemacao.com\/1\/wp-json\/wp\/v2\/posts\/125586\/revisions"}],"predecessor-version":[{"id":125588,"href":"https:\/\/www.caririemacao.com\/1\/wp-json\/wp\/v2\/posts\/125586\/revisions\/125588"}],"wp:featuredmedia":[{"embeddable":true,"href":"https:\/\/www.caririemacao.com\/1\/wp-json\/wp\/v2\/media\/106702"}],"wp:attachment":[{"href":"https:\/\/www.caririemacao.com\/1\/wp-json\/wp\/v2\/media?parent=125586"}],"wp:term":[{"taxonomy":"category","embeddable":true,"href":"https:\/\/www.caririemacao.com\/1\/wp-json\/wp\/v2\/categories?post=125586"},{"taxonomy":"post_tag","embeddable":true,"href":"https:\/\/www.caririemacao.com\/1\/wp-json\/wp\/v2\/tags?post=125586"}],"curies":[{"name":"wp","href":"https:\/\/api.w.org\/{rel}","templated":true}]}}