{"id":125590,"date":"2019-10-11T07:22:04","date_gmt":"2019-10-11T10:22:04","guid":{"rendered":"http:\/\/www.caririemacao.com\/1\/?p=125590"},"modified":"2019-10-11T07:22:04","modified_gmt":"2019-10-11T10:22:04","slug":"tribunal-venezuelano-proibe-exibicao-de-documentario-critico-do-regime","status":"publish","type":"post","link":"https:\/\/www.caririemacao.com\/1\/2019\/10\/11\/tribunal-venezuelano-proibe-exibicao-de-documentario-critico-do-regime\/","title":{"rendered":"Tribunal venezuelano pro\u00edbe exibi\u00e7\u00e3o de document\u00e1rio cr\u00edtico do regime"},"content":{"rendered":"\n<p> Um tribunal de Caracas proibiu a exibi\u00e7\u00e3o, em universidades e espa\u00e7os p\u00fablicos venezuelanos, do document\u00e1rio &#8220;O chavismo, a peste do s\u00e9culo XXI&#8221;, por &#8220;promover e incitar o \u00f3dio&#8221; contra o regime.<\/p>\n\n\n\n<p>A proibi\u00e7\u00e3o foi denunciada por estudantes do movimento Viva a Universidade Central da Venezuela (Viva la UCV) depois de, em 2 de outubro, as autoridades venezuelanas iniciarem investiga\u00e7\u00e3o contra os respons\u00e1veis pela Universidade Sim\u00f3n Bol\u00edvar, por terem permitido a realiza\u00e7\u00e3o de um f\u00f3rum sobre o document\u00e1rio.<\/p>\n\n\n\n<p>Uma c\u00f3pia da decis\u00e3o do tribunal, divulgada nas redes sociais, diz que est\u00e1 proibido &#8220;promover e difundir o material audiovisual criado pelo cidad\u00e3o Gustavo Tovar &#8216;Chavismo, a peste do s\u00e9culo XXI`, tanto nas universidades p\u00fablicas quanto em qualquer outro espa\u00e7o p\u00fablico&#8221;.<\/p>\n\n\n\n<p>Ao divulgar a decis\u00e3o, o Viva La UCV explica que &#8220;s\u00f3 em ditadura se decide o que se projeta e o que n\u00e3o [se projeta] nas universidades&#8221;.<\/p>\n\n\n\n<p>O document\u00e1rio faz forte cr\u00edtica aos governos de Hugo Ch\u00e1vez (1999-2013) e do atual presidente Nicol\u00e1s Maduro.<\/p>\n\n\n\n<p>Nele, s\u00e3o abordadas den\u00fancias viola\u00e7\u00f5es dos direitos humanos e responsabilizados esses governos pela crise humanit\u00e1ria que afeta o pa\u00eds.<\/p>\n\n\n\n<p>A proibi\u00e7\u00e3o foi feita depois de um pedido do Minist\u00e9rio P\u00fablico (MP) para investigar o document\u00e1rio pelo delito de &#8220;promo\u00e7\u00e3o e incita\u00e7\u00e3o ao \u00f3dio&#8221;, com base na Lei Contra o \u00d3dio, aprovada em 2017 pela Assembleia Constituinte (composta unicamente por simpatizantes do regime) que a oposi\u00e7\u00e3o diz ser ilegal e que pretende usurpar as fun\u00e7\u00f5es do Parlamento.<\/p>\n\n\n\n<p>A Federa\u00e7\u00e3o Venezuelana de Estudantes Universit\u00e1rios (afeta ao regime) pediu ao MP que aplique a Lei contra o \u00d3dio ao reitor da Universidade Sim\u00f3n Bol\u00edvar, Enrique Planchar, por &#8220;instigar a discrimina\u00e7\u00e3o e o terrorismo&#8221;.<\/p>\n\n\n\n<p>Gustavo Tovar, diretor do document\u00e1rio, referiu-se \u00e0 decis\u00e3o do tribunal como &#8220;uma honra&#8221; para todos os que trabalharam nele.<\/p>\n\n\n\n<p>&#8220;Que uma tirania que det\u00e9m, tortura e assassina venezuelanos, se sinta ofendida por um document\u00e1rio \u00e9, sem d\u00favida, muito honroso para mim, como autor e para a equipa de produtores. N\u00f3s s\u00f3 tratamos de alertar sobre o horror do chavismo. Essa senten\u00e7a apenas mostra a grotesca estupidez que comp\u00f5e a tirania chavista&#8221;,afirmou.<\/p>\n\n\n\n<p>Gustavo Tovar-Arroyo nasceu em fevereiro de 1968 e \u00e9 um ativista dos direitos humanos. Em 2007, promoveu a\u00e7\u00f5es contra o encerramento da R\u00e1dio Caracas Televis\u00e3o (RCTV, o mais antigo canal privado de televis\u00e3o do pa\u00eds) e contra uma proposta de reforma constitucional promovida pelo chavismo, que n\u00e3o teve sucesso.<\/p>\n","protected":false},"excerpt":{"rendered":"<p>Um tribunal de Caracas proibiu a exibi\u00e7\u00e3o, em universidades e espa\u00e7os p\u00fablicos venezuelanos, do document\u00e1rio &#8220;O chavismo, a peste do s\u00e9culo XXI&#8221;, por &#8220;promover e&hellip; <\/p>\n","protected":false},"author":1,"featured_media":125593,"comment_status":"closed","ping_status":"closed","sticky":false,"template":"","format":"standard","meta":{"sfsi_plus_gutenberg_text_before_share":"","sfsi_plus_gutenberg_show_text_before_share":"","sfsi_plus_gutenberg_icon_type":"","sfsi_plus_gutenberg_icon_alignemt":"","sfsi_plus_gutenburg_max_per_row":"","footnotes":""},"categories":[2],"tags":[],"class_list":["post-125590","post","type-post","status-publish","format-standard","has-post-thumbnail","hentry","category-geral"],"_links":{"self":[{"href":"https:\/\/www.caririemacao.com\/1\/wp-json\/wp\/v2\/posts\/125590","targetHints":{"allow":["GET"]}}],"collection":[{"href":"https:\/\/www.caririemacao.com\/1\/wp-json\/wp\/v2\/posts"}],"about":[{"href":"https:\/\/www.caririemacao.com\/1\/wp-json\/wp\/v2\/types\/post"}],"author":[{"embeddable":true,"href":"https:\/\/www.caririemacao.com\/1\/wp-json\/wp\/v2\/users\/1"}],"replies":[{"embeddable":true,"href":"https:\/\/www.caririemacao.com\/1\/wp-json\/wp\/v2\/comments?post=125590"}],"version-history":[{"count":1,"href":"https:\/\/www.caririemacao.com\/1\/wp-json\/wp\/v2\/posts\/125590\/revisions"}],"predecessor-version":[{"id":125594,"href":"https:\/\/www.caririemacao.com\/1\/wp-json\/wp\/v2\/posts\/125590\/revisions\/125594"}],"wp:featuredmedia":[{"embeddable":true,"href":"https:\/\/www.caririemacao.com\/1\/wp-json\/wp\/v2\/media\/125593"}],"wp:attachment":[{"href":"https:\/\/www.caririemacao.com\/1\/wp-json\/wp\/v2\/media?parent=125590"}],"wp:term":[{"taxonomy":"category","embeddable":true,"href":"https:\/\/www.caririemacao.com\/1\/wp-json\/wp\/v2\/categories?post=125590"},{"taxonomy":"post_tag","embeddable":true,"href":"https:\/\/www.caririemacao.com\/1\/wp-json\/wp\/v2\/tags?post=125590"}],"curies":[{"name":"wp","href":"https:\/\/api.w.org\/{rel}","templated":true}]}}