{"id":125605,"date":"2019-10-11T07:24:06","date_gmt":"2019-10-11T10:24:06","guid":{"rendered":"http:\/\/www.caririemacao.com\/1\/?p=125605"},"modified":"2019-10-11T07:24:06","modified_gmt":"2019-10-11T10:24:06","slug":"flamengo-vence-atletico-mineiro-e-amplia-vantagem-no-brasileiro","status":"publish","type":"post","link":"https:\/\/www.caririemacao.com\/1\/2019\/10\/11\/flamengo-vence-atletico-mineiro-e-amplia-vantagem-no-brasileiro\/","title":{"rendered":"Flamengo vence Atl\u00e9tico Mineiro e amplia vantagem no Brasileiro"},"content":{"rendered":"\n<p>Jogando no est\u00e1dio do Maracan\u00e3, o Flamengo derrotou o Atl\u00e9tico Mineiro por 3 a 1 nesta quinta (10) e ampliou ainda mais a sua vantagem na lideran\u00e7a do Campeonato Brasileiro. Com a vit\u00f3ria obtida na partida que fechou a 24\u00aa rodada o time carioca abriu 8 pontos sobre o segundo colocado Santos, que derrotou o Palmeiras na quarta.<\/p>\n\n\n\n<p>O time mineiro foi ao Maracan\u00e3 com a clara proposta de defender. E, apesar da press\u00e3o do Flamengo, consegue&nbsp;cumprir seus planos at\u00e9 os 36 minutos do primeiro tempo. Neste momento tudo foi por \u00e1gua abaixo quando o atacante Vitinho cobra&nbsp;escanteio e o volante Willian Ar\u00e3o desvia&nbsp;de cabe\u00e7a para abrir o marcador.<\/p>\n\n\n\n<p>Com a desvantagem no placar o time mineiro sai um pouco para o ataque, mas o placar perdura at\u00e9 o intervalo.<\/p>\n\n\n\n<p>Mas logo no in\u00edcio do segundo tempo o Atl\u00e9tico consegue empatar. Aos 5 minutos, o meia Vin\u00edcius toca em profundidade para Nathan, que dribla toda a zaga do Flamengo, inclusive o goleiro Diego Alves, e toca para o gol vazio.<\/p>\n\n\n\n<p>Por\u00e9m, ap\u00f3s a igualdade o time carioca reassumiu o comando das a\u00e7\u00f5es. E, aos 15 minutos, consegue&nbsp;marcar novamente. Vitinho recebe&nbsp;a bola na ponta direita, se livra&nbsp;dos defensores com um lindo drible, e bate&nbsp;cruzado e colocado para vencer o goleiro Wilson.<\/p>\n\n\n\n<p>E o Flamengo continuou mandando na partida, tanto que amplia&nbsp;para 3 a 1 aos 30 minutos. O garoto Reinier aproveita confus\u00e3o na \u00e1rea para chutar sozinho para o fundo do gol de Wilson.<\/p>\n\n\n\n<p>Com esta vit\u00f3ria o Flamengo mant\u00e9m a lideran\u00e7a no Campeonato com 55 pontos, 8 a mais do que o segundo colocado Santos. Al\u00e9m disso, permanece invicto nesta edi\u00e7\u00e3o do Brasileiro jogando no Maracan\u00e3 e n\u00e3o sabe o que \u00e9 uma derrota na competi\u00e7\u00e3o h\u00e1 11 rodadas. Na pr\u00f3xima rodada o Flamengo tem um grande desafio, enfrenta o Athletico-PR na Arena da Baixada no pr\u00f3ximo domingo.<\/p>\n\n\n\n<h2 class=\"wp-block-heading\">Jogo movimentado<\/h2>\n\n\n\n<p>Em partida que teve in\u00edcio \u00e0s 19h15, Corinthians e Athletico-PR fizeram um jogo movimentado na arena da equipe paulista. O placar final foi um empate em 2 a 2, com gols apenas no primeiro tempo.<\/p>\n\n\n\n<p>Empurrada por sua apaixonada torcida, a equipe paulista n\u00e3o demora&nbsp;a abrir o marcador. Aos 15 minutos o atacante Clayson cobra&nbsp;escanteio e o zagueiro Gil sobe&nbsp;muito para cabecear para o fundo do gol de Leo.<\/p>\n\n\n\n<p>Mas o time paranaense n\u00e3o desanima&nbsp;com a desvantagem no placar e empata&nbsp;aos 23 minutos. Thonny Anderson toca para o volante L\u00e9o Cittadini, que, dentro da \u00e1rea, toca na sa\u00edda do goleiro C\u00e1ssio.<\/p>\n\n\n\n<p>O gol d\u00e1 ainda mais for\u00e7a ao Athletico-PR, que, aos 31 minutos, consegue virar com Erick. Ele aproveita bola que sobrou na \u00e1rea para marcar.<\/p>\n\n\n\n<p>Mas o Corinthians consegue&nbsp;empatar ainda antes do intervalo. O lateral Fagner cobra falta para dentro da \u00e1rea. A bola \u00e9 parcialmente cortada e sobra para o atacante Boselli, que deixa tudo igual aos 47 minutos. Placar final 2 a 2.<\/p>\n\n\n\n<h2 class=\"wp-block-heading\">Empate sem gols<\/h2>\n\n\n\n<p>No terceiro jogo do dia o Ava\u00ed recebeu&nbsp;o Vasco no est\u00e1dio da Ressacada. E a partida, de n\u00edvel t\u00e9cnico muito baixo, terminou em empate de 0 a 0.<\/p>\n\n\n\n<p>A 25\u00aa rodada do Brasileiro come\u00e7a no pr\u00f3ximo s\u00e1bado com o jogo entre Goi\u00e1s e CSA a partir das 17h (hor\u00e1rio de Bras\u00edlia).<\/p>\n","protected":false},"excerpt":{"rendered":"<p>Jogando no est\u00e1dio do Maracan\u00e3, o Flamengo derrotou o Atl\u00e9tico Mineiro por 3 a 1 nesta quinta (10) e ampliou ainda mais a sua vantagem&hellip; <\/p>\n","protected":false},"author":1,"featured_media":125607,"comment_status":"closed","ping_status":"closed","sticky":false,"template":"","format":"standard","meta":{"sfsi_plus_gutenberg_text_before_share":"","sfsi_plus_gutenberg_show_text_before_share":"","sfsi_plus_gutenberg_icon_type":"","sfsi_plus_gutenberg_icon_alignemt":"","sfsi_plus_gutenburg_max_per_row":"","footnotes":""},"categories":[13],"tags":[],"class_list":["post-125605","post","type-post","status-publish","format-standard","has-post-thumbnail","hentry","category-esportes"],"_links":{"self":[{"href":"https:\/\/www.caririemacao.com\/1\/wp-json\/wp\/v2\/posts\/125605","targetHints":{"allow":["GET"]}}],"collection":[{"href":"https:\/\/www.caririemacao.com\/1\/wp-json\/wp\/v2\/posts"}],"about":[{"href":"https:\/\/www.caririemacao.com\/1\/wp-json\/wp\/v2\/types\/post"}],"author":[{"embeddable":true,"href":"https:\/\/www.caririemacao.com\/1\/wp-json\/wp\/v2\/users\/1"}],"replies":[{"embeddable":true,"href":"https:\/\/www.caririemacao.com\/1\/wp-json\/wp\/v2\/comments?post=125605"}],"version-history":[{"count":1,"href":"https:\/\/www.caririemacao.com\/1\/wp-json\/wp\/v2\/posts\/125605\/revisions"}],"predecessor-version":[{"id":125608,"href":"https:\/\/www.caririemacao.com\/1\/wp-json\/wp\/v2\/posts\/125605\/revisions\/125608"}],"wp:featuredmedia":[{"embeddable":true,"href":"https:\/\/www.caririemacao.com\/1\/wp-json\/wp\/v2\/media\/125607"}],"wp:attachment":[{"href":"https:\/\/www.caririemacao.com\/1\/wp-json\/wp\/v2\/media?parent=125605"}],"wp:term":[{"taxonomy":"category","embeddable":true,"href":"https:\/\/www.caririemacao.com\/1\/wp-json\/wp\/v2\/categories?post=125605"},{"taxonomy":"post_tag","embeddable":true,"href":"https:\/\/www.caririemacao.com\/1\/wp-json\/wp\/v2\/tags?post=125605"}],"curies":[{"name":"wp","href":"https:\/\/api.w.org\/{rel}","templated":true}]}}