{"id":125634,"date":"2019-10-11T07:31:31","date_gmt":"2019-10-11T10:31:31","guid":{"rendered":"http:\/\/www.caririemacao.com\/1\/?p=125634"},"modified":"2019-10-11T07:31:31","modified_gmt":"2019-10-11T10:31:31","slug":"homem-e-preso-suspeito-de-matar-marido-da-tia-no-sertao-da-paraiba","status":"publish","type":"post","link":"https:\/\/www.caririemacao.com\/1\/2019\/10\/11\/homem-e-preso-suspeito-de-matar-marido-da-tia-no-sertao-da-paraiba\/","title":{"rendered":"Homem \u00e9 preso suspeito de matar marido da tia no Sert\u00e3o da Para\u00edba"},"content":{"rendered":"\n<p> Um homem foi preso na tarde desta quarta-feira (9), suspeito de matar o marido da pr\u00f3pria tia, em Sousa, no Sert\u00e3o da Para\u00edba. O crime aconteceu em 2006.<\/p>\n\n\n\n<p>Segundo o delegado Ilamilton Simpl\u00edcio, titular da Delegacia de Sousa, investigadores da Pol\u00edcia Civil receberam informa\u00e7\u00f5es sobre a localiza\u00e7\u00e3o do homem. Para dar cumprimento a um mandado de pris\u00e3o, a pol\u00edcia cercou a casa onde o suspeito estava escondido, na comunidade Povo de Deus.<\/p>\n\n\n\n<p>O suspeito foi encaminhado para a Delegacia de Pol\u00edcia Civil de Sousa. Ele passou por um exame de corpo de delito e permanece na carceragem do local \u00e0 disposi\u00e7\u00e3o da Justi\u00e7a.<\/p>\n","protected":false},"excerpt":{"rendered":"<p>Um homem foi preso na tarde desta quarta-feira (9), suspeito de matar o marido da pr\u00f3pria tia, em Sousa, no Sert\u00e3o da Para\u00edba. O crime&hellip; <\/p>\n","protected":false},"author":1,"featured_media":104562,"comment_status":"closed","ping_status":"closed","sticky":false,"template":"","format":"standard","meta":{"sfsi_plus_gutenberg_text_before_share":"","sfsi_plus_gutenberg_show_text_before_share":"","sfsi_plus_gutenberg_icon_type":"","sfsi_plus_gutenberg_icon_alignemt":"","sfsi_plus_gutenburg_max_per_row":"","footnotes":""},"categories":[12],"tags":[],"class_list":["post-125634","post","type-post","status-publish","format-standard","has-post-thumbnail","hentry","category-policia"],"_links":{"self":[{"href":"https:\/\/www.caririemacao.com\/1\/wp-json\/wp\/v2\/posts\/125634","targetHints":{"allow":["GET"]}}],"collection":[{"href":"https:\/\/www.caririemacao.com\/1\/wp-json\/wp\/v2\/posts"}],"about":[{"href":"https:\/\/www.caririemacao.com\/1\/wp-json\/wp\/v2\/types\/post"}],"author":[{"embeddable":true,"href":"https:\/\/www.caririemacao.com\/1\/wp-json\/wp\/v2\/users\/1"}],"replies":[{"embeddable":true,"href":"https:\/\/www.caririemacao.com\/1\/wp-json\/wp\/v2\/comments?post=125634"}],"version-history":[{"count":1,"href":"https:\/\/www.caririemacao.com\/1\/wp-json\/wp\/v2\/posts\/125634\/revisions"}],"predecessor-version":[{"id":125636,"href":"https:\/\/www.caririemacao.com\/1\/wp-json\/wp\/v2\/posts\/125634\/revisions\/125636"}],"wp:featuredmedia":[{"embeddable":true,"href":"https:\/\/www.caririemacao.com\/1\/wp-json\/wp\/v2\/media\/104562"}],"wp:attachment":[{"href":"https:\/\/www.caririemacao.com\/1\/wp-json\/wp\/v2\/media?parent=125634"}],"wp:term":[{"taxonomy":"category","embeddable":true,"href":"https:\/\/www.caririemacao.com\/1\/wp-json\/wp\/v2\/categories?post=125634"},{"taxonomy":"post_tag","embeddable":true,"href":"https:\/\/www.caririemacao.com\/1\/wp-json\/wp\/v2\/tags?post=125634"}],"curies":[{"name":"wp","href":"https:\/\/api.w.org\/{rel}","templated":true}]}}