{"id":125657,"date":"2019-10-11T09:18:37","date_gmt":"2019-10-11T12:18:37","guid":{"rendered":"http:\/\/www.caririemacao.com\/1\/?p=125657"},"modified":"2019-10-11T09:18:37","modified_gmt":"2019-10-11T12:18:37","slug":"goleiro-paraibano-canta-durante-evento-fechado-da-selecao-brasileira","status":"publish","type":"post","link":"https:\/\/www.caririemacao.com\/1\/2019\/10\/11\/goleiro-paraibano-canta-durante-evento-fechado-da-selecao-brasileira\/","title":{"rendered":"Goleiro paraibano canta durante evento fechado da Sele\u00e7\u00e3o Brasileira"},"content":{"rendered":"\n<p> O goleiro paraibano Santos cantou durante um evento fechado da Sele\u00e7\u00e3o Brasileira, que aconteceu nesta quinta-feira (10), em Singapura. Santos se apresentou aos colegas e disse que\u00a0est\u00e1 na sele\u00e7\u00e3o era um sonho e que esperava contribuir com o trabalho, deixar uma \u00f3tima impress\u00e3o para voltar.\u00a0<\/p>\n\n\n\n<p>&#8220;Me chamo Aderbar, sou da Para\u00edba, jogo no Atl\u00e9tico Paranaense. Pra mim \u00e9 um sonho, espero contribuir com meu trabalho da melhor maneira poss\u00edvel. Deixar uma \u00f3tima impress\u00e3o para que eu posso retornar e dar sequ\u00eancia ao meu trabalho&#8221;, disse Santos.&nbsp;<\/p>\n\n\n\n<figure><iframe data-src=\"https:\/\/www.youtube.com\/embed\/J9K3dGtGdQU\" allowfullscreen=\"\" src=\"data:image\/svg+xml;base64,PHN2ZyB3aWR0aD0iMSIgaGVpZ2h0PSIxIiB4bWxucz0iaHR0cDovL3d3dy53My5vcmcvMjAwMC9zdmciPjwvc3ZnPg==\" class=\"lazyload\" data-load-mode=\"1\"><\/iframe><\/figure>\n\n\n\n<p>Santos foi bastante aplaudido pelos companheiros e em seguida cantou a m\u00fasica &#8220;Galileu&#8221;, do cantor gospel Fernandinho.&nbsp;<\/p>\n\n\n\n<p>Aos gritos de Aderbar, Aderbar, Santos foi novamente aplaudido pelos companheiros de equipe.&nbsp;<\/p>\n\n\n\n<p>Al\u00e9m de Santos, outros jogadores tamb\u00e9m falaram e cantaram durante o evento.&nbsp;<\/p>\n\n\n\n<p>A Sele\u00e7\u00e3o Brasileira est\u00e1 em Singapura para jogar dois amistosos.<\/p>\n","protected":false},"excerpt":{"rendered":"<p>O goleiro paraibano Santos cantou durante um evento fechado da Sele\u00e7\u00e3o Brasileira, que aconteceu nesta quinta-feira (10), em Singapura. Santos se apresentou aos colegas e&hellip; <\/p>\n","protected":false},"author":1,"featured_media":125659,"comment_status":"closed","ping_status":"closed","sticky":false,"template":"","format":"standard","meta":{"sfsi_plus_gutenberg_text_before_share":"","sfsi_plus_gutenberg_show_text_before_share":"","sfsi_plus_gutenberg_icon_type":"","sfsi_plus_gutenberg_icon_alignemt":"","sfsi_plus_gutenburg_max_per_row":"","footnotes":""},"categories":[13],"tags":[],"class_list":["post-125657","post","type-post","status-publish","format-standard","has-post-thumbnail","hentry","category-esportes"],"_links":{"self":[{"href":"https:\/\/www.caririemacao.com\/1\/wp-json\/wp\/v2\/posts\/125657","targetHints":{"allow":["GET"]}}],"collection":[{"href":"https:\/\/www.caririemacao.com\/1\/wp-json\/wp\/v2\/posts"}],"about":[{"href":"https:\/\/www.caririemacao.com\/1\/wp-json\/wp\/v2\/types\/post"}],"author":[{"embeddable":true,"href":"https:\/\/www.caririemacao.com\/1\/wp-json\/wp\/v2\/users\/1"}],"replies":[{"embeddable":true,"href":"https:\/\/www.caririemacao.com\/1\/wp-json\/wp\/v2\/comments?post=125657"}],"version-history":[{"count":1,"href":"https:\/\/www.caririemacao.com\/1\/wp-json\/wp\/v2\/posts\/125657\/revisions"}],"predecessor-version":[{"id":125660,"href":"https:\/\/www.caririemacao.com\/1\/wp-json\/wp\/v2\/posts\/125657\/revisions\/125660"}],"wp:featuredmedia":[{"embeddable":true,"href":"https:\/\/www.caririemacao.com\/1\/wp-json\/wp\/v2\/media\/125659"}],"wp:attachment":[{"href":"https:\/\/www.caririemacao.com\/1\/wp-json\/wp\/v2\/media?parent=125657"}],"wp:term":[{"taxonomy":"category","embeddable":true,"href":"https:\/\/www.caririemacao.com\/1\/wp-json\/wp\/v2\/categories?post=125657"},{"taxonomy":"post_tag","embeddable":true,"href":"https:\/\/www.caririemacao.com\/1\/wp-json\/wp\/v2\/tags?post=125657"}],"curies":[{"name":"wp","href":"https:\/\/api.w.org\/{rel}","templated":true}]}}